{"id":30905,"date":"2022-04-03T22:47:47","date_gmt":"2022-04-03T20:47:47","guid":{"rendered":"http:\/\/centralmedia.rs\/?p=30905"},"modified":"2022-04-08T18:03:53","modified_gmt":"2022-04-08T16:03:53","slug":"palma-lista-ivica-dacic-premijer-srbije-pobedila-je-u-jagodini","status":"publish","type":"post","link":"https:\/\/centralmedia.rs\/index.php\/2022\/04\/03\/palma-lista-ivica-dacic-premijer-srbije-pobedila-je-u-jagodini\/","title":{"rendered":"PALMA: LISTA IVICA DA\u010cI\u0106 &#8211; PREMIJER SRBIJE POBEDILA JE U JAGODINI"},"content":{"rendered":"<p>JAGODINA-Predsednik Jedinstvene Srbije Dragan Markovi\u0107 Palma je proglasio je pobedu izborne liste Ivica Da\u010di\u0107 &#8211; premijer Srbije i predsedni\u010dkog kandidata Aleksandra Vu\u010di\u0107a u Jagodini.<\/p>\n<p>&#8220;\u017delim da se zahvalim gra\u0111anima Srbije koji su na\u0161oj listi IVICA DA\u010cI\u0106 &#8211; PREMIJER SRBIJE dali veliku podr\u0161ku i veliki broj glasova na dana\u0161njim izborima.<\/p>\n<p>I dok se u Srbiji jo\u0161 prebrojavaju glasovi mogu da ka\u017eem da je na\u0161a lista za parlamentarne izbore IVICA DA\u010cI\u0106 &#8211; PREMIJER SRBIJE ispred koalicije SPS &#8211; JEDINSTVENA SRBIJA &#8211; ZELENI SRBIJE pobedila u Jagodini sa osvojenih oko 12.000 glasova. Na drugom mestu je Srpska napredna stranka.<\/p>\n<p>\u017delim da ka\u017eem jedno veliko hvala mojim Jagodincima jer je to vi\u0161e nego duplo ve\u0107i rezultat nego na pro\u0161lim izborima za Narodnu Skup\u0161tinu Republike Srbije.<\/p>\n<p>Hvala gra\u0111anima Srbije \u0161to veruju na\u0161oj koaliciji koja traje punih 14 godina a posebno veliko hvala mojim Jagodincima koji su nam uvek davali veliko poverenje na lokalnim izborima ali nikada do sada nismo dobili ovoliko glasova na republi\u010dkim izborima.<\/p>\n<p>Obe\u0107avam da \u0107emo nastaviti da radimo u smeru u kojem smo radili i do sada, sa jo\u0161 vi\u0161e snage i energije, a kada je u pitanju budu\u0107i premijer Srbije Ivica Da\u010di\u0107, budite sigurni da \u0107e svojim znanjem, iskustvom i posve\u0107eno\u0161\u0107u dati veliki doprinos re\u0161avanju problema izazvanih svetskom ekonomskom krizom kao i da \u0107e uspe\u0161no voditi u diplomatskom smislu Srbiju u izuzetno komplikovanoj geopoliti\u010dkoj situaciji u svetu.<\/p>\n<p>\u017delim da se zahvalim mojim Jagodincima jer su se masovno odazvali mom pozivu da glasaju za Aleksandra Vu\u010di\u0107a na predsedni\u010dkim izborima, i\u00a0 \u017eelim da \u010destitam predsedniku Aleksandru Vu\u010di\u0107u na velikoj izbornoj pobedi na predsedni\u010dkim izborima&#8221; rekao je Markovi\u0107.<\/p>\n","protected":false},"excerpt":{"rendered":"<p>JAGODINA-Predsednik Jedinstvene Srbije Dragan Markovi\u0107 Palma je proglasio je pobedu izborne liste Ivica Da\u010di\u0107 &#8211; premijer Srbije i predsedni\u010dkog kandidata Aleksandra Vu\u010di\u0107a u Jagodini. &#8220;\u017delim &hellip; <\/p>\n","protected":false},"author":2,"featured_media":30890,"comment_status":"open","ping_status":"open","sticky":false,"template":"","format":"standard","meta":{"footnotes":""},"categories":[1524,2,5643,1514,13,887,12],"tags":[393,643,58,120,5770,5705,63],"_links":{"self":[{"href":"https:\/\/centralmedia.rs\/index.php\/wp-json\/wp\/v2\/posts\/30905"}],"collection":[{"href":"https:\/\/centralmedia.rs\/index.php\/wp-json\/wp\/v2\/posts"}],"about":[{"href":"https:\/\/centralmedia.rs\/index.php\/wp-json\/wp\/v2\/types\/post"}],"author":[{"embeddable":true,"href":"https:\/\/centralmedia.rs\/index.php\/wp-json\/wp\/v2\/users\/2"}],"replies":[{"embeddable":true,"href":"https:\/\/centralmedia.rs\/index.php\/wp-json\/wp\/v2\/comments?post=30905"}],"version-history":[{"count":1,"href":"https:\/\/centralmedia.rs\/index.php\/wp-json\/wp\/v2\/posts\/30905\/revisions"}],"predecessor-version":[{"id":30906,"href":"https:\/\/centralmedia.rs\/index.php\/wp-json\/wp\/v2\/posts\/30905\/revisions\/30906"}],"wp:featuredmedia":[{"embeddable":true,"href":"https:\/\/centralmedia.rs\/index.php\/wp-json\/wp\/v2\/media\/30890"}],"wp:attachment":[{"href":"https:\/\/centralmedia.rs\/index.php\/wp-json\/wp\/v2\/media?parent=30905"}],"wp:term":[{"taxonomy":"category","embeddable":true,"href":"https:\/\/centralmedia.rs\/index.php\/wp-json\/wp\/v2\/categories?post=30905"},{"taxonomy":"post_tag","embeddable":true,"href":"https:\/\/centralmedia.rs\/index.php\/wp-json\/wp\/v2\/tags?post=30905"}],"curies":[{"name":"wp","href":"https:\/\/api.w.org\/{rel}","templated":true}]}}