{"id":30907,"date":"2022-04-04T00:11:42","date_gmt":"2022-04-03T22:11:42","guid":{"rendered":"http:\/\/centralmedia.rs\/?p=30907"},"modified":"2022-04-08T18:04:18","modified_gmt":"2022-04-08T16:04:18","slug":"vucic-srbija-se-pomerila-na-desno","status":"publish","type":"post","link":"https:\/\/centralmedia.rs\/index.php\/2022\/04\/04\/vucic-srbija-se-pomerila-na-desno\/","title":{"rendered":"Vu\u010di\u0107 : Srbija se pomerila na desno"},"content":{"rendered":"<p>Aleksandar Vu\u010di\u0107 obratio se gra\u0111anima iz izbornog \u0161taba Srpske napredne stranke.<\/p>\n<p>Mi procenjujemo da je na dana\u0161nje iza\u0161lo oko 3.840.000 ljudi. \u00a0Ono \u0161to je va\u017eno za zemlju to je da je uticaj ukrjinske krize bio ogroma na Srbiju. Srbija se pomerila na desno. Sam sam kriv \u0161to liste SNS zahvaljuju\u0107i odgovornom pona\u0161anju imaju i ne\u0161to manje glasova. Vladu ne\u0107emo formirati sa onima koji su iskoristili navija\u010dko poverenje naroda<\/p>\n<p>Da krenem na paralmentarne izbore, prema na\u0161im podacima, lista &#8220;Zajedno mo\u017eemo sve&#8221; osvojila je 44 posto glasova, lista Dragan \u0110ilas &#8211; Ujedinja Srbija 13,6, lista Ivica Da\u010di\u0107 11,4, Milo\u0161 Jovanovi\u0107 5,3, &#8220;Moramo&#8221; 4,7, a zatim Zavetnici i Dveri na 3,8. Na 2,2 i na 2,3 su radikali i suverenisti. U mandatima SNS 124 ili 125 mandata. Interesantno je da su nam gradski rezultati u Beogradu ne\u0161to bolji rezultati nego \u0161to su parlamentarni.<\/p>\n<p>Predsedni\u010dki izbori, rezultati su slede\u0107i: Zdravko Pono\u0161 je dobio 17,7 psoto, Milo\u0161 Jovanovi\u0107 5,9 posto, Milica \u0110ur\u0111evi\u0107 4,5, i odmah za nijansu manje 4,4 Bo\u0161ko Obradovi\u0107, Aleksandar Vu\u010di\u0107 59,9 do 60,1. Naravno da imam tremu, jedini sam koji je na predsedni\u010dkim izborima pobedio u provm krugu dva puta i to u drugom mandatu. Mi smo na predsedni\u010dkim izborima dobili 2.245.000 glasova.<\/p>\n<p>Mi smo ve\u0107 obradili preko 85 psoto bira\u010dkih mesta i za parlamentarne i predsedni\u010dke izbore. Mi to radimo vrlo precizno, kod nas nema gre\u0161ke. \u017delim da \u010destitam svim protivnicima, da im \u010destitam na dobrim rezultatima.<\/p>\n<p>Da\u010di\u0107: \u010cestitam Vu\u010di\u0107u, imamo ve\u0107inu u Beogradu<\/p>\n<p>Predsednik Socijalisti\u010dke partije Srbije (SPS) Ivica Da\u010di\u0107 rekao je ve\u010deras da je va\u017eno da su sve stranke u\u010destvovale na izborima, kako ne bi sutra to nekome bio razlog da bojkot iskoristi kao alibi da napada svoju zemlju i svoj narod.<\/p>\n<p>\u201e\u017delim odmah na po\u010detku da izrazim veliko zadovoljstvo i \u010destitam Vu\u010di\u0107u na ubedljivoj pobedi za predsednika u prvom krugu sa izvarednim rezultatom i to je najbolji pokazatelj ispravnosti politike koja je vodila ra\u010duna o nacionalnim interesima ali i ekonomskim interesima\u201c, rekao je Da\u010di\u0107.<\/p>\n<p>On mu je \u010destitao na ogromnom rezultatu i izbornoj pobedi sa \u017eeljom da taj mandat kao i prethodni iskoristi za dalji napredak Srbije u \u010demu \u0107e imati podr\u0161ku SPS.<\/p>\n<p>Potom je usledio aplauz socijalista.<\/p>\n<p>&#8220;Taj rezultat od 60 odsto u uslovima svakodnevnih napada, demonizacije njega i njegove porodice je svakako vredan pa\u017enje i osta\u0107e zabele\u017een kao jedan primer kako rezultati mogu da pobede mr\u017enju. Tako\u0111e, \u017eelim da izrazim zadovoljstvo na\u0161im izbornim rezultatom. Mi sa kolaicionim partnerima smo usvoji ubedljivo bolji rezultat nego na prethodnim izborima, za 100.000 glasova vi\u0161e&#8221;, rekao je Da\u010di\u0107 nakon \u010dega je usledio aplauz u izbornom \u0161tabu SPS.<\/p>\n<p>On je rekao i da \u017eeli da se zahvali svima koji su glasali za njegovu parlamentarnu listu.<\/p>\n<p>&#8220;Ja to shvatam i li\u010dno jer je moje ime bilo kao vode\u0107e na listi. Naravno, ono \u0161to je rekao Vu\u010di\u0107, rezultati koje i mi imamo sa na\u0161ih bira\u010dkih mesta iz reprezentatiivnim rezultatima govori o na\u0161oj listi da ima oko 11 odsto, ali taj procentat \u0107e biti na tom nivou. Moram da ka\u017eem da je to napredak u odnosu na pro\u0161le izbore, ali da sam siguran da mo\u017eemo u narednom periodu da napravimo i reorganizaciju na\u0161e stranke i da generalno u\u010dinimo da ti rezultati budu \u0161to povoljniji i u narednom periodu. \u017delim da istaknem zahvalnost posebno i Tomi Fili koji je prihvatio da bude kandidat za gradona\u010delnika. On je doprineo da na\u0161 u rezultatu bude mnogo ve\u0107i nego \u0161to je bio pro\u0161log puta. Po\u0161to se rezultati za Beograd poslednje prebrojavaju, po tim rezultatima koje mi imamo jeste da lista koju vodi Vu\u010di\u0107 i na\u0161a lista svakako siguran sam imaju vi\u0161e od 50 odsto mandata&#8221;, rekao je Da\u010di\u0107.<\/p>\n","protected":false},"excerpt":{"rendered":"<p>Aleksandar Vu\u010di\u0107 obratio se gra\u0111anima iz izbornog \u0161taba Srpske napredne stranke. Mi procenjujemo da je na dana\u0161nje iza\u0161lo oko 3.840.000 ljudi. \u00a0Ono \u0161to je va\u017eno &hellip; <\/p>\n","protected":false},"author":2,"featured_media":30908,"comment_status":"open","ping_status":"open","sticky":false,"template":"","format":"standard","meta":{"footnotes":""},"categories":[2,13,12],"tags":[643,136,1112,63],"_links":{"self":[{"href":"https:\/\/centralmedia.rs\/index.php\/wp-json\/wp\/v2\/posts\/30907"}],"collection":[{"href":"https:\/\/centralmedia.rs\/index.php\/wp-json\/wp\/v2\/posts"}],"about":[{"href":"https:\/\/centralmedia.rs\/index.php\/wp-json\/wp\/v2\/types\/post"}],"author":[{"embeddable":true,"href":"https:\/\/centralmedia.rs\/index.php\/wp-json\/wp\/v2\/users\/2"}],"replies":[{"embeddable":true,"href":"https:\/\/centralmedia.rs\/index.php\/wp-json\/wp\/v2\/comments?post=30907"}],"version-history":[{"count":2,"href":"https:\/\/centralmedia.rs\/index.php\/wp-json\/wp\/v2\/posts\/30907\/revisions"}],"predecessor-version":[{"id":30915,"href":"https:\/\/centralmedia.rs\/index.php\/wp-json\/wp\/v2\/posts\/30907\/revisions\/30915"}],"wp:featuredmedia":[{"embeddable":true,"href":"https:\/\/centralmedia.rs\/index.php\/wp-json\/wp\/v2\/media\/30908"}],"wp:attachment":[{"href":"https:\/\/centralmedia.rs\/index.php\/wp-json\/wp\/v2\/media?parent=30907"}],"wp:term":[{"taxonomy":"category","embeddable":true,"href":"https:\/\/centralmedia.rs\/index.php\/wp-json\/wp\/v2\/categories?post=30907"},{"taxonomy":"post_tag","embeddable":true,"href":"https:\/\/centralmedia.rs\/index.php\/wp-json\/wp\/v2\/tags?post=30907"}],"curies":[{"name":"wp","href":"https:\/\/api.w.org\/{rel}","templated":true}]}}