{"id":30919,"date":"2022-04-05T20:00:42","date_gmt":"2022-04-05T18:00:42","guid":{"rendered":"http:\/\/centralmedia.rs\/?p=30919"},"modified":"2022-04-08T18:04:40","modified_gmt":"2022-04-08T16:04:40","slug":"ministar-vulin-u-svilajncu","status":"publish","type":"post","link":"https:\/\/centralmedia.rs\/index.php\/2022\/04\/05\/ministar-vulin-u-svilajncu\/","title":{"rendered":"MINISTAR VULIN U SVILAJNCU"},"content":{"rendered":"<p>SVILAJNAC-Ministar unutra\u0161njih poslova Aleksandar Vulin bio je danas u radnoj poseti Policijskoj stanici Svilajnac, tokom koje je obi\u0161ao i nove, sre\u0111ene prostorije.<\/p>\n<div id='gallery-1' class='gallery galleryid-30919 gallery-columns-5 gallery-size-thumbnail'><figure class='gallery-item'>\n\t\t\t<div class='gallery-icon landscape'>\n\t\t\t\t<a href='https:\/\/centralmedia.rs\/index.php\/2022\/04\/05\/ministar-vulin-u-svilajncu\/vulin-2\/'><img loading=\"lazy\" decoding=\"async\" width=\"150\" height=\"150\" src=\"https:\/\/centralmedia.rs\/wp-content\/uploads\/2022\/04\/vulin-150x150.jpg\" class=\"attachment-thumbnail size-thumbnail\" alt=\"\" \/><\/a>\n\t\t\t<\/div><\/figure><figure class='gallery-item'>\n\t\t\t<div class='gallery-icon landscape'>\n\t\t\t\t<a href='https:\/\/centralmedia.rs\/index.php\/2022\/04\/05\/ministar-vulin-u-svilajncu\/vulin1\/'><img loading=\"lazy\" decoding=\"async\" width=\"150\" height=\"150\" src=\"https:\/\/centralmedia.rs\/wp-content\/uploads\/2022\/04\/vulin1-150x150.jpg\" class=\"attachment-thumbnail size-thumbnail\" alt=\"\" \/><\/a>\n\t\t\t<\/div><\/figure><figure class='gallery-item'>\n\t\t\t<div class='gallery-icon landscape'>\n\t\t\t\t<a href='https:\/\/centralmedia.rs\/index.php\/2022\/04\/05\/ministar-vulin-u-svilajncu\/vulin2\/'><img loading=\"lazy\" decoding=\"async\" width=\"150\" height=\"150\" src=\"https:\/\/centralmedia.rs\/wp-content\/uploads\/2022\/04\/vulin2-150x150.jpg\" class=\"attachment-thumbnail size-thumbnail\" alt=\"\" \/><\/a>\n\t\t\t<\/div><\/figure><figure class='gallery-item'>\n\t\t\t<div class='gallery-icon landscape'>\n\t\t\t\t<a href='https:\/\/centralmedia.rs\/index.php\/2022\/04\/05\/ministar-vulin-u-svilajncu\/vulin3\/'><img loading=\"lazy\" decoding=\"async\" width=\"150\" height=\"150\" src=\"https:\/\/centralmedia.rs\/wp-content\/uploads\/2022\/04\/vulin3-150x150.jpg\" class=\"attachment-thumbnail size-thumbnail\" alt=\"\" \/><\/a>\n\t\t\t<\/div><\/figure><figure class='gallery-item'>\n\t\t\t<div class='gallery-icon landscape'>\n\t\t\t\t<a href='https:\/\/centralmedia.rs\/index.php\/2022\/04\/05\/ministar-vulin-u-svilajncu\/vulin4\/'><img loading=\"lazy\" decoding=\"async\" width=\"150\" height=\"150\" src=\"https:\/\/centralmedia.rs\/wp-content\/uploads\/2022\/04\/vulin4-150x150.jpg\" class=\"attachment-thumbnail size-thumbnail\" alt=\"\" \/><\/a>\n\t\t\t<\/div><\/figure>\n\t\t<\/div>\n\n<p>Predsednik op\u0161tine Svilajnac Predrag Milanovi\u0107 rekao je da su op\u0161tina Svilajnac i Ministarstvo unutra\u0161njih poslova zajedni\u010dkim snagama obezbedili gra\u0111anima i zaposlenima u Policijskoj stanici mnogo bolje uslove:<\/p>\n<p>\u201cOp\u0161tina Svilajnac kupila je zgradu za novu policijsku stanicu, a Ministarstvo je renoviralo i opremilo prostorije i danas imamo jednu savremenu policijsku stanicu od 1000 m\u00b2\u201d \u2013 izjavio je Milanovi\u0107 dodav\u0161i da su na zajedni\u010dkom sastanku napravljeni planovi za naredni period, a da je jedan od najva\u017enijih digitalizacija.<\/p>\n<p>Ministar unutra\u0161njih poslova Aleksandar Vulin poru\u010dio je prilikom obilaska prostorija nove Policijske stanice u Svilajncu da \u0107e Srbija nastaviti da ula\u017ee u ja\u010danje i razvoj srpske policije, u pobolj\u0161anje materijalnog statusa njenih pripadnika i nastavak izgradnje i rekonstrukcije policijskih objekata:<\/p>\n<p>\u201cPonosan sam na novu Policijsku stanicu u Svilajncu, ba\u0161 kao \u0161to sam ponosan i na svaki drugi policijski objekat koji smo izgradili i obnovili u proteklih godinu i po dana\u201d \u2013 rekao je on.<\/p>\n","protected":false},"excerpt":{"rendered":"<p>SVILAJNAC-Ministar unutra\u0161njih poslova Aleksandar Vulin bio je danas u radnoj poseti Policijskoj stanici Svilajnac, tokom koje je obi\u0161ao i nove, sre\u0111ene prostorije. Predsednik op\u0161tine Svilajnac &hellip; <\/p>\n","protected":false},"author":2,"featured_media":30920,"comment_status":"open","ping_status":"open","sticky":false,"template":"","format":"standard","meta":{"footnotes":""},"categories":[1524,2,13,12,1517],"tags":[130,38,144],"_links":{"self":[{"href":"https:\/\/centralmedia.rs\/index.php\/wp-json\/wp\/v2\/posts\/30919"}],"collection":[{"href":"https:\/\/centralmedia.rs\/index.php\/wp-json\/wp\/v2\/posts"}],"about":[{"href":"https:\/\/centralmedia.rs\/index.php\/wp-json\/wp\/v2\/types\/post"}],"author":[{"embeddable":true,"href":"https:\/\/centralmedia.rs\/index.php\/wp-json\/wp\/v2\/users\/2"}],"replies":[{"embeddable":true,"href":"https:\/\/centralmedia.rs\/index.php\/wp-json\/wp\/v2\/comments?post=30919"}],"version-history":[{"count":1,"href":"https:\/\/centralmedia.rs\/index.php\/wp-json\/wp\/v2\/posts\/30919\/revisions"}],"predecessor-version":[{"id":30926,"href":"https:\/\/centralmedia.rs\/index.php\/wp-json\/wp\/v2\/posts\/30919\/revisions\/30926"}],"wp:featuredmedia":[{"embeddable":true,"href":"https:\/\/centralmedia.rs\/index.php\/wp-json\/wp\/v2\/media\/30920"}],"wp:attachment":[{"href":"https:\/\/centralmedia.rs\/index.php\/wp-json\/wp\/v2\/media?parent=30919"}],"wp:term":[{"taxonomy":"category","embeddable":true,"href":"https:\/\/centralmedia.rs\/index.php\/wp-json\/wp\/v2\/categories?post=30919"},{"taxonomy":"post_tag","embeddable":true,"href":"https:\/\/centralmedia.rs\/index.php\/wp-json\/wp\/v2\/tags?post=30919"}],"curies":[{"name":"wp","href":"https:\/\/api.w.org\/{rel}","templated":true}]}}