{"id":30996,"date":"2022-04-19T15:28:23","date_gmt":"2022-04-19T13:28:23","guid":{"rendered":"http:\/\/centralmedia.rs\/?p=30996"},"modified":"2022-04-26T14:30:56","modified_gmt":"2022-04-26T12:30:56","slug":"novi-studijski-program-na-fpnj-strukovana-medicinska-sestra-vaspitac","status":"publish","type":"post","link":"https:\/\/centralmedia.rs\/index.php\/2022\/04\/19\/novi-studijski-program-na-fpnj-strukovana-medicinska-sestra-vaspitac\/","title":{"rendered":"NOVI STUDIJSKI PROGRAM NA FPNJ STRUKOVANA MEDICINSKA SESTRA VASPITA\u010c"},"content":{"rendered":"<p>Prof. dr Violeta Jovanovi\u0107, dekan Fakulteta pedago\u0161kih nauka u Jagodini, i prof. dr Vladimir Jakovljevi\u0107, dekan Fakulteta medicinskih nauka u Kragujevcu, potpisali su Sporazum o organizovanju i izvo\u0111enju zajedni\u010dkog studijskog programa osnovnih strukovnih studija Strukovna medicinska sestra vaspita\u010d.<\/p>\n<div id='gallery-1' class='gallery galleryid-30996 gallery-columns-3 gallery-size-full'><figure class='gallery-item'>\n\t\t\t<div class='gallery-icon landscape'>\n\t\t\t\t<a href='https:\/\/centralmedia.rs\/index.php\/2022\/04\/19\/novi-studijski-program-na-fpnj-strukovana-medicinska-sestra-vaspitac\/uciteljski-2-2\/'><img loading=\"lazy\" decoding=\"async\" width=\"2048\" height=\"1536\" src=\"https:\/\/centralmedia.rs\/wp-content\/uploads\/2022\/04\/uciteljski-2.jpg\" class=\"attachment-full size-full\" alt=\"\" srcset=\"https:\/\/centralmedia.rs\/wp-content\/uploads\/2022\/04\/uciteljski-2.jpg 2048w, https:\/\/centralmedia.rs\/wp-content\/uploads\/2022\/04\/uciteljski-2-300x225.jpg 300w, https:\/\/centralmedia.rs\/wp-content\/uploads\/2022\/04\/uciteljski-2-768x576.jpg 768w, https:\/\/centralmedia.rs\/wp-content\/uploads\/2022\/04\/uciteljski-2-1024x768.jpg 1024w, https:\/\/centralmedia.rs\/wp-content\/uploads\/2022\/04\/uciteljski-2-560x420.jpg 560w, https:\/\/centralmedia.rs\/wp-content\/uploads\/2022\/04\/uciteljski-2-80x60.jpg 80w, https:\/\/centralmedia.rs\/wp-content\/uploads\/2022\/04\/uciteljski-2-100x75.jpg 100w, https:\/\/centralmedia.rs\/wp-content\/uploads\/2022\/04\/uciteljski-2-180x135.jpg 180w, https:\/\/centralmedia.rs\/wp-content\/uploads\/2022\/04\/uciteljski-2-238x178.jpg 238w, https:\/\/centralmedia.rs\/wp-content\/uploads\/2022\/04\/uciteljski-2-640x480.jpg 640w, https:\/\/centralmedia.rs\/wp-content\/uploads\/2022\/04\/uciteljski-2-681x511.jpg 681w\" sizes=\"(max-width: 2048px) 100vw, 2048px\" \/><\/a>\n\t\t\t<\/div><\/figure><figure class='gallery-item'>\n\t\t\t<div class='gallery-icon landscape'>\n\t\t\t\t<a href='https:\/\/centralmedia.rs\/index.php\/2022\/04\/19\/novi-studijski-program-na-fpnj-strukovana-medicinska-sestra-vaspitac\/uciteljski-7\/'><img loading=\"lazy\" decoding=\"async\" width=\"2048\" height=\"1336\" src=\"https:\/\/centralmedia.rs\/wp-content\/uploads\/2022\/04\/uciteljski.jpg\" class=\"attachment-full size-full\" alt=\"\" srcset=\"https:\/\/centralmedia.rs\/wp-content\/uploads\/2022\/04\/uciteljski.jpg 2048w, https:\/\/centralmedia.rs\/wp-content\/uploads\/2022\/04\/uciteljski-300x196.jpg 300w, https:\/\/centralmedia.rs\/wp-content\/uploads\/2022\/04\/uciteljski-768x501.jpg 768w, https:\/\/centralmedia.rs\/wp-content\/uploads\/2022\/04\/uciteljski-1024x668.jpg 1024w, https:\/\/centralmedia.rs\/wp-content\/uploads\/2022\/04\/uciteljski-644x420.jpg 644w, https:\/\/centralmedia.rs\/wp-content\/uploads\/2022\/04\/uciteljski-640x418.jpg 640w, https:\/\/centralmedia.rs\/wp-content\/uploads\/2022\/04\/uciteljski-681x444.jpg 681w\" sizes=\"(max-width: 2048px) 100vw, 2048px\" \/><\/a>\n\t\t\t<\/div><\/figure><figure class='gallery-item'>\n\t\t\t<div class='gallery-icon landscape'>\n\t\t\t\t<a href='https:\/\/centralmedia.rs\/index.php\/2022\/04\/19\/novi-studijski-program-na-fpnj-strukovana-medicinska-sestra-vaspitac\/uciteljski1-3\/'><img loading=\"lazy\" decoding=\"async\" width=\"2048\" height=\"1536\" src=\"https:\/\/centralmedia.rs\/wp-content\/uploads\/2022\/04\/uciteljski1-1.jpg\" class=\"attachment-full size-full\" alt=\"\" srcset=\"https:\/\/centralmedia.rs\/wp-content\/uploads\/2022\/04\/uciteljski1-1.jpg 2048w, https:\/\/centralmedia.rs\/wp-content\/uploads\/2022\/04\/uciteljski1-1-300x225.jpg 300w, https:\/\/centralmedia.rs\/wp-content\/uploads\/2022\/04\/uciteljski1-1-768x576.jpg 768w, https:\/\/centralmedia.rs\/wp-content\/uploads\/2022\/04\/uciteljski1-1-1024x768.jpg 1024w, https:\/\/centralmedia.rs\/wp-content\/uploads\/2022\/04\/uciteljski1-1-560x420.jpg 560w, https:\/\/centralmedia.rs\/wp-content\/uploads\/2022\/04\/uciteljski1-1-80x60.jpg 80w, https:\/\/centralmedia.rs\/wp-content\/uploads\/2022\/04\/uciteljski1-1-100x75.jpg 100w, https:\/\/centralmedia.rs\/wp-content\/uploads\/2022\/04\/uciteljski1-1-180x135.jpg 180w, https:\/\/centralmedia.rs\/wp-content\/uploads\/2022\/04\/uciteljski1-1-238x178.jpg 238w, https:\/\/centralmedia.rs\/wp-content\/uploads\/2022\/04\/uciteljski1-1-640x480.jpg 640w, https:\/\/centralmedia.rs\/wp-content\/uploads\/2022\/04\/uciteljski1-1-681x511.jpg 681w\" sizes=\"(max-width: 2048px) 100vw, 2048px\" \/><\/a>\n\t\t\t<\/div><\/figure>\n\t\t<\/div>\n\n<p>Potpisivanjem ovog sporazuma ozvani\u010dena je intenzivna saradnja izme\u0111u dva fakulteta Univerziteta u Kragujevcu, koja je u proteklom periodu posebno bila usmerena na razvijanje novog studijskog programa.<\/p>\n<p>Profesorka Jovanovi\u0107 i profesor Jakovljevi\u0107 su naglasili da novi studijski program predstavlja dragocenu novinu u ponudi ova dva fakulteta. Upis studenata se o\u010dekuje po dobijanju akreditacije, na jesen ove godine.<\/p>\n<p>&nbsp;<\/p>\n","protected":false},"excerpt":{"rendered":"<p>Prof. dr Violeta Jovanovi\u0107, dekan Fakulteta pedago\u0161kih nauka u Jagodini, i prof. dr Vladimir Jakovljevi\u0107, dekan Fakulteta medicinskih nauka u Kragujevcu, potpisali su Sporazum o &hellip; <\/p>\n","protected":false},"author":2,"featured_media":30997,"comment_status":"open","ping_status":"open","sticky":false,"template":"","format":"standard","meta":{"footnotes":""},"categories":[14,1524,2,1514,5643,887,12],"tags":[2531,58,5778],"_links":{"self":[{"href":"https:\/\/centralmedia.rs\/index.php\/wp-json\/wp\/v2\/posts\/30996"}],"collection":[{"href":"https:\/\/centralmedia.rs\/index.php\/wp-json\/wp\/v2\/posts"}],"about":[{"href":"https:\/\/centralmedia.rs\/index.php\/wp-json\/wp\/v2\/types\/post"}],"author":[{"embeddable":true,"href":"https:\/\/centralmedia.rs\/index.php\/wp-json\/wp\/v2\/users\/2"}],"replies":[{"embeddable":true,"href":"https:\/\/centralmedia.rs\/index.php\/wp-json\/wp\/v2\/comments?post=30996"}],"version-history":[{"count":1,"href":"https:\/\/centralmedia.rs\/index.php\/wp-json\/wp\/v2\/posts\/30996\/revisions"}],"predecessor-version":[{"id":31001,"href":"https:\/\/centralmedia.rs\/index.php\/wp-json\/wp\/v2\/posts\/30996\/revisions\/31001"}],"wp:featuredmedia":[{"embeddable":true,"href":"https:\/\/centralmedia.rs\/index.php\/wp-json\/wp\/v2\/media\/30997"}],"wp:attachment":[{"href":"https:\/\/centralmedia.rs\/index.php\/wp-json\/wp\/v2\/media?parent=30996"}],"wp:term":[{"taxonomy":"category","embeddable":true,"href":"https:\/\/centralmedia.rs\/index.php\/wp-json\/wp\/v2\/categories?post=30996"},{"taxonomy":"post_tag","embeddable":true,"href":"https:\/\/centralmedia.rs\/index.php\/wp-json\/wp\/v2\/tags?post=30996"}],"curies":[{"name":"wp","href":"https:\/\/api.w.org\/{rel}","templated":true}]}}