{"id":31002,"date":"2022-04-20T02:00:56","date_gmt":"2022-04-20T00:00:56","guid":{"rendered":"http:\/\/centralmedia.rs\/?p=31002"},"modified":"2022-04-26T14:30:49","modified_gmt":"2022-04-26T12:30:49","slug":"pazljivko-smotra","status":"publish","type":"post","link":"https:\/\/centralmedia.rs\/index.php\/2022\/04\/20\/pazljivko-smotra\/","title":{"rendered":"PA\u017dLJIVKO SMOTRA"},"content":{"rendered":"<p>SVILAJNAC- Pro\u0161le nedelje Svilajnac je bio doma\u0107in Regionalnog takmi\u010denja \u201ePa\u017eljivkova smotra\u201c, koje je odr\u017eano u Centru za kulturu u organizaciji Agencije za bezbednost saobra\u0107aja.<\/p>\n<div id='gallery-1' class='gallery galleryid-31002 gallery-columns-3 gallery-size-full'><figure class='gallery-item'>\n\t\t\t<div class='gallery-icon landscape'>\n\t\t\t\t<a href='https:\/\/centralmedia.rs\/index.php\/2022\/04\/20\/pazljivko-smotra\/pazljivko-3\/'><img loading=\"lazy\" decoding=\"async\" width=\"2048\" height=\"1365\" src=\"https:\/\/centralmedia.rs\/wp-content\/uploads\/2022\/04\/pa\u017eljivko.jpg\" class=\"attachment-full size-full\" alt=\"\" srcset=\"https:\/\/centralmedia.rs\/wp-content\/uploads\/2022\/04\/pa\u017eljivko.jpg 2048w, https:\/\/centralmedia.rs\/wp-content\/uploads\/2022\/04\/pa\u017eljivko-300x200.jpg 300w, https:\/\/centralmedia.rs\/wp-content\/uploads\/2022\/04\/pa\u017eljivko-768x512.jpg 768w, https:\/\/centralmedia.rs\/wp-content\/uploads\/2022\/04\/pa\u017eljivko-1024x683.jpg 1024w, https:\/\/centralmedia.rs\/wp-content\/uploads\/2022\/04\/pa\u017eljivko-630x420.jpg 630w, https:\/\/centralmedia.rs\/wp-content\/uploads\/2022\/04\/pa\u017eljivko-640x427.jpg 640w, https:\/\/centralmedia.rs\/wp-content\/uploads\/2022\/04\/pa\u017eljivko-681x454.jpg 681w\" sizes=\"(max-width: 2048px) 100vw, 2048px\" \/><\/a>\n\t\t\t<\/div><\/figure><figure class='gallery-item'>\n\t\t\t<div class='gallery-icon landscape'>\n\t\t\t\t<a href='https:\/\/centralmedia.rs\/index.php\/2022\/04\/20\/pazljivko-smotra\/pazljivko1-2\/'><img loading=\"lazy\" decoding=\"async\" width=\"2048\" height=\"1365\" src=\"https:\/\/centralmedia.rs\/wp-content\/uploads\/2022\/04\/pa\u017eljivko1.jpg\" class=\"attachment-full size-full\" alt=\"\" srcset=\"https:\/\/centralmedia.rs\/wp-content\/uploads\/2022\/04\/pa\u017eljivko1.jpg 2048w, https:\/\/centralmedia.rs\/wp-content\/uploads\/2022\/04\/pa\u017eljivko1-300x200.jpg 300w, https:\/\/centralmedia.rs\/wp-content\/uploads\/2022\/04\/pa\u017eljivko1-768x512.jpg 768w, https:\/\/centralmedia.rs\/wp-content\/uploads\/2022\/04\/pa\u017eljivko1-1024x683.jpg 1024w, https:\/\/centralmedia.rs\/wp-content\/uploads\/2022\/04\/pa\u017eljivko1-630x420.jpg 630w, https:\/\/centralmedia.rs\/wp-content\/uploads\/2022\/04\/pa\u017eljivko1-640x427.jpg 640w, https:\/\/centralmedia.rs\/wp-content\/uploads\/2022\/04\/pa\u017eljivko1-681x454.jpg 681w\" sizes=\"(max-width: 2048px) 100vw, 2048px\" \/><\/a>\n\t\t\t<\/div><\/figure><figure class='gallery-item'>\n\t\t\t<div class='gallery-icon landscape'>\n\t\t\t\t<a href='https:\/\/centralmedia.rs\/index.php\/2022\/04\/20\/pazljivko-smotra\/pazljivko2-2\/'><img loading=\"lazy\" decoding=\"async\" width=\"2048\" height=\"1365\" src=\"https:\/\/centralmedia.rs\/wp-content\/uploads\/2022\/04\/pa\u017eljivko2.jpg\" class=\"attachment-full size-full\" alt=\"\" srcset=\"https:\/\/centralmedia.rs\/wp-content\/uploads\/2022\/04\/pa\u017eljivko2.jpg 2048w, https:\/\/centralmedia.rs\/wp-content\/uploads\/2022\/04\/pa\u017eljivko2-300x200.jpg 300w, https:\/\/centralmedia.rs\/wp-content\/uploads\/2022\/04\/pa\u017eljivko2-768x512.jpg 768w, https:\/\/centralmedia.rs\/wp-content\/uploads\/2022\/04\/pa\u017eljivko2-1024x683.jpg 1024w, https:\/\/centralmedia.rs\/wp-content\/uploads\/2022\/04\/pa\u017eljivko2-630x420.jpg 630w, https:\/\/centralmedia.rs\/wp-content\/uploads\/2022\/04\/pa\u017eljivko2-640x427.jpg 640w, https:\/\/centralmedia.rs\/wp-content\/uploads\/2022\/04\/pa\u017eljivko2-681x454.jpg 681w\" sizes=\"(max-width: 2048px) 100vw, 2048px\" \/><\/a>\n\t\t\t<\/div><\/figure>\n\t\t<\/div>\n\n<p>Takmi\u010dila su se deca pred\u0161kolskog uzrasta i u\u010denici 1. i 2. razreda osnovnih \u0161kola iz Aran\u0111elovca, Topole, Golupca i Svilajnca.<\/p>\n<p>Svilajnac je osvojio dva prva mesta i plasirao se na dr\u017eavno takmi\u010denje koje se odr\u017eava u maju.<\/p>\n","protected":false},"excerpt":{"rendered":"<p>SVILAJNAC- Pro\u0161le nedelje Svilajnac je bio doma\u0107in Regionalnog takmi\u010denja \u201ePa\u017eljivkova smotra\u201c, koje je odr\u017eano u Centru za kulturu u organizaciji Agencije za bezbednost saobra\u0107aja. Takmi\u010dila &hellip; <\/p>\n","protected":false},"author":2,"featured_media":31003,"comment_status":"open","ping_status":"open","sticky":false,"template":"","format":"standard","meta":{"footnotes":""},"categories":[14,1524,2,12,1517],"tags":[1250,38],"_links":{"self":[{"href":"https:\/\/centralmedia.rs\/index.php\/wp-json\/wp\/v2\/posts\/31002"}],"collection":[{"href":"https:\/\/centralmedia.rs\/index.php\/wp-json\/wp\/v2\/posts"}],"about":[{"href":"https:\/\/centralmedia.rs\/index.php\/wp-json\/wp\/v2\/types\/post"}],"author":[{"embeddable":true,"href":"https:\/\/centralmedia.rs\/index.php\/wp-json\/wp\/v2\/users\/2"}],"replies":[{"embeddable":true,"href":"https:\/\/centralmedia.rs\/index.php\/wp-json\/wp\/v2\/comments?post=31002"}],"version-history":[{"count":1,"href":"https:\/\/centralmedia.rs\/index.php\/wp-json\/wp\/v2\/posts\/31002\/revisions"}],"predecessor-version":[{"id":31007,"href":"https:\/\/centralmedia.rs\/index.php\/wp-json\/wp\/v2\/posts\/31002\/revisions\/31007"}],"wp:featuredmedia":[{"embeddable":true,"href":"https:\/\/centralmedia.rs\/index.php\/wp-json\/wp\/v2\/media\/31003"}],"wp:attachment":[{"href":"https:\/\/centralmedia.rs\/index.php\/wp-json\/wp\/v2\/media?parent=31002"}],"wp:term":[{"taxonomy":"category","embeddable":true,"href":"https:\/\/centralmedia.rs\/index.php\/wp-json\/wp\/v2\/categories?post=31002"},{"taxonomy":"post_tag","embeddable":true,"href":"https:\/\/centralmedia.rs\/index.php\/wp-json\/wp\/v2\/tags?post=31002"}],"curies":[{"name":"wp","href":"https:\/\/api.w.org\/{rel}","templated":true}]}}