{"id":31012,"date":"2022-04-20T02:06:43","date_gmt":"2022-04-20T00:06:43","guid":{"rendered":"http:\/\/centralmedia.rs\/?p=31012"},"modified":"2022-04-26T14:29:08","modified_gmt":"2022-04-26T12:29:08","slug":"pocela-gradevinska-sezona","status":"publish","type":"post","link":"https:\/\/centralmedia.rs\/index.php\/2022\/04\/20\/pocela-gradevinska-sezona\/","title":{"rendered":"PO\u010cELA GRA\u0110EVINSKA SEZONA"},"content":{"rendered":"<p>SVILAJNAC- Gra\u0111evinska sezona u Svilajncu uveliko je po\u010dela, a trenutno su u toku radovi na deonici puta ka brdu Ba\u0107ica. Predsednik op\u0161tine Svilajnac Predrag Milanovi\u0107 obi\u0161ao je radove i istakao da \u0107e ova ulica biti jedan od sedam izlaza za grad od nove obilaznice.<\/p>\n<div id='gallery-1' class='gallery galleryid-31012 gallery-columns-4 gallery-size-thumbnail'><figure class='gallery-item'>\n\t\t\t<div class='gallery-icon landscape'>\n\t\t\t\t<a href='https:\/\/centralmedia.rs\/index.php\/2022\/04\/20\/pocela-gradevinska-sezona\/sezona1\/'><img loading=\"lazy\" decoding=\"async\" width=\"150\" height=\"150\" src=\"https:\/\/centralmedia.rs\/wp-content\/uploads\/2022\/04\/sezona1-150x150.jpg\" class=\"attachment-thumbnail size-thumbnail\" alt=\"\" \/><\/a>\n\t\t\t<\/div><\/figure><figure class='gallery-item'>\n\t\t\t<div class='gallery-icon landscape'>\n\t\t\t\t<a href='https:\/\/centralmedia.rs\/index.php\/2022\/04\/20\/pocela-gradevinska-sezona\/sezona2\/'><img loading=\"lazy\" decoding=\"async\" width=\"150\" height=\"150\" src=\"https:\/\/centralmedia.rs\/wp-content\/uploads\/2022\/04\/sezona2-150x150.jpg\" class=\"attachment-thumbnail size-thumbnail\" alt=\"\" \/><\/a>\n\t\t\t<\/div><\/figure><figure class='gallery-item'>\n\t\t\t<div class='gallery-icon landscape'>\n\t\t\t\t<a href='https:\/\/centralmedia.rs\/index.php\/2022\/04\/20\/pocela-gradevinska-sezona\/sezona3\/'><img loading=\"lazy\" decoding=\"async\" width=\"150\" height=\"150\" src=\"https:\/\/centralmedia.rs\/wp-content\/uploads\/2022\/04\/sezona3-150x150.jpg\" class=\"attachment-thumbnail size-thumbnail\" alt=\"\" \/><\/a>\n\t\t\t<\/div><\/figure><figure class='gallery-item'>\n\t\t\t<div class='gallery-icon landscape'>\n\t\t\t\t<a href='https:\/\/centralmedia.rs\/index.php\/2022\/04\/20\/pocela-gradevinska-sezona\/sezona4\/'><img loading=\"lazy\" decoding=\"async\" width=\"150\" height=\"150\" src=\"https:\/\/centralmedia.rs\/wp-content\/uploads\/2022\/04\/sezona4-150x150.jpg\" class=\"attachment-thumbnail size-thumbnail\" alt=\"\" \/><\/a>\n\t\t\t<\/div><\/figure>\n\t\t<\/div>\n\n<p>Radi se atmosferska kanalizacija, asfaltiranje, novi trotoari u saradnji sa Putevima Srbije.<\/p>\n<p>\u201eOvo je priprema pred po\u010detak izgradnje obilaznice oko Svilajnca od 12,5 km sa novim mostom na Velikoj Moravi i dva mosta na Resavi. O\u010dekujemo uskoro i potpisivanje ugovora za prvu fazu radova na izgradnji novog mosta i obilaznice, a u narednih mesec do dva dana i po\u010detak radova\u201c \u2013 izjavio je Milanovi\u0107.<\/p>\n","protected":false},"excerpt":{"rendered":"<p>SVILAJNAC- Gra\u0111evinska sezona u Svilajncu uveliko je po\u010dela, a trenutno su u toku radovi na deonici puta ka brdu Ba\u0107ica. Predsednik op\u0161tine Svilajnac Predrag Milanovi\u0107 &hellip; <\/p>\n","protected":false},"author":2,"featured_media":31013,"comment_status":"open","ping_status":"open","sticky":false,"template":"","format":"standard","meta":{"footnotes":""},"categories":[1524,2,16,12,1517],"tags":[5779,38],"_links":{"self":[{"href":"https:\/\/centralmedia.rs\/index.php\/wp-json\/wp\/v2\/posts\/31012"}],"collection":[{"href":"https:\/\/centralmedia.rs\/index.php\/wp-json\/wp\/v2\/posts"}],"about":[{"href":"https:\/\/centralmedia.rs\/index.php\/wp-json\/wp\/v2\/types\/post"}],"author":[{"embeddable":true,"href":"https:\/\/centralmedia.rs\/index.php\/wp-json\/wp\/v2\/users\/2"}],"replies":[{"embeddable":true,"href":"https:\/\/centralmedia.rs\/index.php\/wp-json\/wp\/v2\/comments?post=31012"}],"version-history":[{"count":1,"href":"https:\/\/centralmedia.rs\/index.php\/wp-json\/wp\/v2\/posts\/31012\/revisions"}],"predecessor-version":[{"id":31018,"href":"https:\/\/centralmedia.rs\/index.php\/wp-json\/wp\/v2\/posts\/31012\/revisions\/31018"}],"wp:featuredmedia":[{"embeddable":true,"href":"https:\/\/centralmedia.rs\/index.php\/wp-json\/wp\/v2\/media\/31013"}],"wp:attachment":[{"href":"https:\/\/centralmedia.rs\/index.php\/wp-json\/wp\/v2\/media?parent=31012"}],"wp:term":[{"taxonomy":"category","embeddable":true,"href":"https:\/\/centralmedia.rs\/index.php\/wp-json\/wp\/v2\/categories?post=31012"},{"taxonomy":"post_tag","embeddable":true,"href":"https:\/\/centralmedia.rs\/index.php\/wp-json\/wp\/v2\/tags?post=31012"}],"curies":[{"name":"wp","href":"https:\/\/api.w.org\/{rel}","templated":true}]}}