{"id":3109,"date":"2016-05-13T20:12:01","date_gmt":"2016-05-13T20:12:01","guid":{"rendered":"http:\/\/centralmedia.rs\/?p=3109"},"modified":"2017-01-10T02:08:16","modified_gmt":"2017-01-10T02:08:16","slug":"konstituisana-cicevac-cetvrti-mandat-krkicu","status":"publish","type":"post","link":"https:\/\/centralmedia.rs\/index.php\/2016\/05\/13\/konstituisana-cicevac-cetvrti-mandat-krkicu\/","title":{"rendered":"KONSTITUISANA SO \u0106I\u0106EVAC &#8211; \u010cETVRTI MANDAT KRKI\u0106U"},"content":{"rendered":"<p>\u0106I\u0106EVAC-Zlatan Krki\u0107 \u010detvrti put je izabran za predsednika op\u0161tine \u0106i\u0107evac na konstitutivnoj sednici lokalne skup\u0161tine. Vlast su formirali Pokret za o\u010duvanje op\u0161tine \u0106i\u0107evac i Nova Srbija sa 17 odbornika, dok je u opoziciji SNS sa 8 odbornika. Krki\u0107, po profesiji advokat i biv\u0161i sudija Op\u0161tinskog suda u Varvarinu 15 godina, preuzeo je rukovo\u0111enje \u0107i\u0107eva\u010dkom op\u0161tinom sredinom 2003. godine na vanrednim lokalnim izborima.<\/p>\n<div id='gallery-1' class='gallery galleryid-3109 gallery-columns-2 gallery-size-full'><figure class='gallery-item'>\n\t\t\t<div class='gallery-icon landscape'>\n\t\t\t\t<a href='https:\/\/centralmedia.rs\/index.php\/2016\/05\/13\/konstituisana-cicevac-cetvrti-mandat-krkicu\/skupstina-3\/'><img loading=\"lazy\" decoding=\"async\" width=\"960\" height=\"720\" src=\"https:\/\/centralmedia.rs\/wp-content\/uploads\/2016\/05\/skupstina-3.jpg\" class=\"attachment-full size-full\" alt=\"\" srcset=\"https:\/\/centralmedia.rs\/wp-content\/uploads\/2016\/05\/skupstina-3.jpg 960w, https:\/\/centralmedia.rs\/wp-content\/uploads\/2016\/05\/skupstina-3-300x225.jpg 300w, https:\/\/centralmedia.rs\/wp-content\/uploads\/2016\/05\/skupstina-3-768x576.jpg 768w, https:\/\/centralmedia.rs\/wp-content\/uploads\/2016\/05\/skupstina-3-80x60.jpg 80w, https:\/\/centralmedia.rs\/wp-content\/uploads\/2016\/05\/skupstina-3-265x198.jpg 265w\" sizes=\"(max-width: 960px) 100vw, 960px\" \/><\/a>\n\t\t\t<\/div><\/figure><figure class='gallery-item'>\n\t\t\t<div class='gallery-icon landscape'>\n\t\t\t\t<a href='https:\/\/centralmedia.rs\/index.php\/2016\/05\/13\/konstituisana-cicevac-cetvrti-mandat-krkicu\/skupstina\/'><img loading=\"lazy\" decoding=\"async\" width=\"960\" height=\"720\" src=\"https:\/\/centralmedia.rs\/wp-content\/uploads\/2016\/05\/skupstina.jpg\" class=\"attachment-full size-full\" alt=\"\" srcset=\"https:\/\/centralmedia.rs\/wp-content\/uploads\/2016\/05\/skupstina.jpg 960w, https:\/\/centralmedia.rs\/wp-content\/uploads\/2016\/05\/skupstina-300x225.jpg 300w, https:\/\/centralmedia.rs\/wp-content\/uploads\/2016\/05\/skupstina-768x576.jpg 768w, https:\/\/centralmedia.rs\/wp-content\/uploads\/2016\/05\/skupstina-80x60.jpg 80w, https:\/\/centralmedia.rs\/wp-content\/uploads\/2016\/05\/skupstina-265x198.jpg 265w\" sizes=\"(max-width: 960px) 100vw, 960px\" \/><\/a>\n\t\t\t<\/div><\/figure>\n\t\t<\/div>\n\n<p>-Nastavljamo sa sprovo\u0111enjem planova, pre svega da obezbedimo vodosnabdevanje. Pobedili smo i osvojili apsolutnu ve\u0107inu sa 13 odbornika, ka\u017ee Krki\u0107, koji je bio predsednik op\u0161tine kao \u010dlan DS i SDS, te dodaje da je ,,pro\u0161le jeseni formiran Pokret za o\u010duvanje op\u0161tine \u0106i\u0107evac kako bi spre\u010dili pretenzije da postanemo kru\u0161eva\u010dka op\u0161tina\u201d.<br \/>\nIz pokreta su zamenik predsednika te op\u0161tine Zvezdan Babi\u0107, predsednik SO Slavoljub Simi\u0107 i njegov zamenik Branko \u017divkovi\u0107, dok je NS dobila dva \u010dlana u Op\u0161tinskom ve\u0107u.<\/p>\n","protected":false},"excerpt":{"rendered":"<p>\u0106I\u0106EVAC-Zlatan Krki\u0107 \u010detvrti put je izabran za predsednika op\u0161tine \u0106i\u0107evac na konstitutivnoj sednici lokalne skup\u0161tine. Vlast su formirali Pokret za o\u010duvanje op\u0161tine \u0106i\u0107evac i Nova &hellip; <\/p>\n","protected":false},"author":4,"featured_media":6312,"comment_status":"open","ping_status":"open","sticky":false,"template":"","format":"standard","meta":{"footnotes":""},"categories":[1521,1524,2,13,887,12],"tags":[667,758,669],"_links":{"self":[{"href":"https:\/\/centralmedia.rs\/index.php\/wp-json\/wp\/v2\/posts\/3109"}],"collection":[{"href":"https:\/\/centralmedia.rs\/index.php\/wp-json\/wp\/v2\/posts"}],"about":[{"href":"https:\/\/centralmedia.rs\/index.php\/wp-json\/wp\/v2\/types\/post"}],"author":[{"embeddable":true,"href":"https:\/\/centralmedia.rs\/index.php\/wp-json\/wp\/v2\/users\/4"}],"replies":[{"embeddable":true,"href":"https:\/\/centralmedia.rs\/index.php\/wp-json\/wp\/v2\/comments?post=3109"}],"version-history":[{"count":0,"href":"https:\/\/centralmedia.rs\/index.php\/wp-json\/wp\/v2\/posts\/3109\/revisions"}],"wp:featuredmedia":[{"embeddable":true,"href":"https:\/\/centralmedia.rs\/index.php\/wp-json\/wp\/v2\/media\/6312"}],"wp:attachment":[{"href":"https:\/\/centralmedia.rs\/index.php\/wp-json\/wp\/v2\/media?parent=3109"}],"wp:term":[{"taxonomy":"category","embeddable":true,"href":"https:\/\/centralmedia.rs\/index.php\/wp-json\/wp\/v2\/categories?post=3109"},{"taxonomy":"post_tag","embeddable":true,"href":"https:\/\/centralmedia.rs\/index.php\/wp-json\/wp\/v2\/tags?post=3109"}],"curies":[{"name":"wp","href":"https:\/\/api.w.org\/{rel}","templated":true}]}}