{"id":31111,"date":"2022-04-26T14:21:23","date_gmt":"2022-04-26T12:21:23","guid":{"rendered":"http:\/\/centralmedia.rs\/?p=31111"},"modified":"2022-04-28T20:37:41","modified_gmt":"2022-04-28T18:37:41","slug":"tradicionalno-dodeljena-knjizevna-nagrada-u-svilajncu-koja-nosi-ime-pisca-najznacajnije-biografije-svetog-save","status":"publish","type":"post","link":"https:\/\/centralmedia.rs\/index.php\/2022\/04\/26\/tradicionalno-dodeljena-knjizevna-nagrada-u-svilajncu-koja-nosi-ime-pisca-najznacajnije-biografije-svetog-save\/","title":{"rendered":"Tradicionalno dodeljena knji\u017eevna nagrada u Svilajncu koja nosi ime pisca NAJZNA\u010cAJNIJE biografije Svetog Save"},"content":{"rendered":"<p>SVILAJNAC-U Svilajncu je 12. put odr\u017eana sve\u010danost i dodeljena jedna od najzna\u010dajnijih knji\u017eevnih nagrada u Srbiji koja se dodeljuje za knji\u017eevnu pripovetku i kritiku i ima me\u0111unarodni karakter.<\/p>\n<div id='gallery-1' class='gallery galleryid-31111 gallery-columns-5 gallery-size-thumbnail'><figure class='gallery-item'>\n\t\t\t<div class='gallery-icon landscape'>\n\t\t\t\t<a href='https:\/\/centralmedia.rs\/index.php\/2022\/04\/26\/tradicionalno-dodeljena-knjizevna-nagrada-u-svilajncu-koja-nosi-ime-pisca-najznacajnije-biografije-svetog-save\/biblioteka-9\/'><img loading=\"lazy\" decoding=\"async\" width=\"150\" height=\"150\" src=\"https:\/\/centralmedia.rs\/wp-content\/uploads\/2022\/04\/biblioteka-150x150.jpg\" class=\"attachment-thumbnail size-thumbnail\" alt=\"\" \/><\/a>\n\t\t\t<\/div><\/figure><figure class='gallery-item'>\n\t\t\t<div class='gallery-icon portrait'>\n\t\t\t\t<a href='https:\/\/centralmedia.rs\/index.php\/2022\/04\/26\/tradicionalno-dodeljena-knjizevna-nagrada-u-svilajncu-koja-nosi-ime-pisca-najznacajnije-biografije-svetog-save\/biblioteka1-3\/'><img loading=\"lazy\" decoding=\"async\" width=\"150\" height=\"150\" src=\"https:\/\/centralmedia.rs\/wp-content\/uploads\/2022\/04\/biblioteka1-150x150.jpg\" class=\"attachment-thumbnail size-thumbnail\" alt=\"\" \/><\/a>\n\t\t\t<\/div><\/figure><figure class='gallery-item'>\n\t\t\t<div class='gallery-icon portrait'>\n\t\t\t\t<a href='https:\/\/centralmedia.rs\/index.php\/2022\/04\/26\/tradicionalno-dodeljena-knjizevna-nagrada-u-svilajncu-koja-nosi-ime-pisca-najznacajnije-biografije-svetog-save\/biblioteka2-3\/'><img loading=\"lazy\" decoding=\"async\" width=\"150\" height=\"150\" src=\"https:\/\/centralmedia.rs\/wp-content\/uploads\/2022\/04\/biblioteka2-150x150.jpg\" class=\"attachment-thumbnail size-thumbnail\" alt=\"\" \/><\/a>\n\t\t\t<\/div><\/figure><figure class='gallery-item'>\n\t\t\t<div class='gallery-icon portrait'>\n\t\t\t\t<a href='https:\/\/centralmedia.rs\/index.php\/2022\/04\/26\/tradicionalno-dodeljena-knjizevna-nagrada-u-svilajncu-koja-nosi-ime-pisca-najznacajnije-biografije-svetog-save\/biblioteka4\/'><img loading=\"lazy\" decoding=\"async\" width=\"150\" height=\"150\" src=\"https:\/\/centralmedia.rs\/wp-content\/uploads\/2022\/04\/biblioteka4-150x150.jpg\" class=\"attachment-thumbnail size-thumbnail\" alt=\"\" \/><\/a>\n\t\t\t<\/div><\/figure><figure class='gallery-item'>\n\t\t\t<div class='gallery-icon landscape'>\n\t\t\t\t<a href='https:\/\/centralmedia.rs\/index.php\/2022\/04\/26\/tradicionalno-dodeljena-knjizevna-nagrada-u-svilajncu-koja-nosi-ime-pisca-najznacajnije-biografije-svetog-save\/biblioteka3-3\/'><img loading=\"lazy\" decoding=\"async\" width=\"150\" height=\"150\" src=\"https:\/\/centralmedia.rs\/wp-content\/uploads\/2022\/04\/biblioteka3-150x150.jpg\" class=\"attachment-thumbnail size-thumbnail\" alt=\"\" \/><\/a>\n\t\t\t<\/div><\/figure>\n\t\t<\/div>\n\n<p>Ovo priznanje dodeljuje najstarija kulturna ustanova u tom mestu Resavska biblioteka uz pokroviteljstvo Op\u0161tine Svilajnac, a nagrada nosi ime uglednog svilajn\u010danina, istori\u010dara knji\u017eevnosti Andre Gavrilovi\u0107a, za koga ka\u017eu da je pisac jedne od najzna\u010dajnijih biografija prvog srpskog arhiepiskopa Svetog Save.<\/p>\n<p>Laureat Knji\u017eevne nagrade &#8220;Andra Gavrilovi\u0107&#8221; za prozno stvarala\u0161tvo u 2021. godini je Aleksandar M. Arsenijevi\u0107 knji\u017eevnik i prevodilac iz Beograda za pripovetku &#8220;Zapisi brata Epifanija na belinama herbarijuma manastirskog bilja&#8221;.<\/p>\n<p>U obrazolo\u017eenju \u017eirija za njegovo delo navodi se da propovetka osvaja &#8220;upravo ume\u0107em pripovedanja, svojom naracijom, dubinom misli, izborom teme i junaka. Ubistvo monaha u manastiru Kutlumu\u0161 je ram u kome se prepli\u0107u istorijski doga\u0111aji, umetni\u010dki transponovani, pri \u010demu se \u010ditalac prepu\u0161ta ve\u0161tom pi\u0161\u010devom vo\u0111enju i od prvih redova do kraja pripovedanja mu veruje. Ve\u0107 pri prvom \u010ditanju \u017eiri je, cene\u0107i estetske vrednosti pripovetke, istakao da je re\u010d o kvalitetnom, zaokru\u017eenom i pre svega zrelom proznom delu&#8221;, navedeno je u saop\u0161tenju. Na sve\u010danoj dodeli koja je uprili\u010dena u Centru za kulturu u Svilajncu dobitnik se u ime nagra\u0111enih obratio &#8220;blagodarstvenom besedom&#8221;.<\/p>\n<p>Nosilac priznanja za najbolju knji\u017eevnu kritiku je Stefan Mladenovi\u0107, profesor knji\u017eevnosti iz Jagodine, za kritiku &#8220;Taba\u0161evi\u0107ev &#8220;roman bez Romana&#8221;: &#8220;Tiho te\u010de Misisipi&#8221; kao istoriografska metafikcija&#8221;.<\/p>\n<p>&#8220;Analiti\u010dki dubok, jezi\u010dki konkretan Mladenovi\u0107 uo\u010dava i podvla\u010di glavna zna\u010denja, misli, junake i uspe\u0161no \u010ditaocu tuma\u010di Taba\u0161evi\u0107u zamisao da u romanu ispri\u010da pri\u010du o intimnom i istorijskom&#8221;, istakao je \u017eiri u saop\u0161tenju objavljenom na sajtu nagrade.<\/p>\n<p>Priznaje laureatima dolili su direktorka Resavske biblioteke mr Jelena Tomi\u0107, kao i predsednik SO Svilajnac dr Darko Jevti\u0107.<\/p>\n<p>Odluku o nagra\u0111enima doneo je \u017eiri u sastavu: Tatjana Jankovi\u0107, pisac, glavni i odgovorni urednik \u010dasopisa \u201cKoraci\u201c (Kragujevac), dr Vladan Baj\u010deta, nau\u010dni saradnik Instituta za knji\u017eevnost i umetnost u Beogradu i Olivera Mijailovi\u0107, bibliotekar u &#8220;Resavskoj biblioteci&#8221;.<\/p>\n<p>Nagrada ima me\u0111unarodni zna\u010daj<\/p>\n<p>Direktorka Resavske biblioteke Jelena Tomi\u0107 u svom govoru na sve\u010danosti podsetila je na zna\u010daj Andre Gavrilovi\u0107a, ali i knji\u017eevne nagrade koja je njemu posve\u0107ena.<\/p>\n<p>&#8211; Na\u0161a knji\u017eevna nagrada \u010duva ime ovog zavi\u010dajnog Srbina sa kraja devetnaestog i prvih decenija 20 veka. Knji\u017eevni konkurs ima me\u0111unarodni karakter, na\u0161i pisci rasejani su \u0161irom sveta, ali njihov rad ulazi u korpus doma\u0107e knji\u017eevnosti.<\/p>\n<p>Odziv pisaca, a posebno mladih i obrazovnih stvaralaca u oblasti knji\u017eevne kritike ohrabrili su nas da objavimo njihove radove o savremenim knji\u017eevnim pojavama kod nas. Ponosni smo zbog dometa ovih radova koji nagove\u0161tavaju da \u0107e nau\u010dni rad u oblasti knji\u017eevnosti biti u budu\u0107nosti na zavidnom nivou. Na\u0161i prozni pisci su svojim delima oslikali realan \u017eivot &#8211; kazala je Tomi\u0107.<\/p>\n<p>Pored direktorke ove ustanove, obratili su se i \u010dlanovi \u017eirija dr Vladan Baj\u010deta i Olivera Mijailovi\u0107, kao i tehni\u010dki urednik konkursa Bogdan Panajotovski, predsednik knji\u017eevnog kluba &#8220;Olov\u010de&#8221; koji u Svilajncu okuplja veliki broj umetni\u010dkih du\u0161a.<\/p>\n<p>Svake godine sve vi\u0161e radova<\/p>\n<p>Predstavnik \u017eirija dr Vladan Baj\u010deta osvrnuo se na op\u0161ti utisak ovogodi\u0161njih radova za knji\u017eevnu kritiku i pripovetku.<\/p>\n<p>&#8211; To nisu propovetke koje se oslanjaju samo na tradiciju srpske realisti\u010dke pripovetke ili seoske pripovetke, \u0161to je bilo mo\u017eda negde na po\u010detku konkursa. Ve\u0107 i pri\u010de iz neke urbane tematike i na\u0161e savremenosti. Niko nije u \u017eiriju favorizovao jednu ili drugu stranu ve\u0107 smo se trudili da to bude umetni\u010dka vrednost &#8211; kazao je Baj\u010deta.<\/p>\n<p>Kada je re\u010d o kritici on je istakao da je re\u010d o esejima koji naginju kao nau\u010dnoj kritici i koji daju vrhunski doprinos zborniku radova. Dodao je i da je konkurs namenjen ne samo mladima, nego i onima koji nisu dovoljno afirmisani razli\u010ditih starosnih dobi.<\/p>\n<p>&#8220;Crte i reze 12&#8221;<\/p>\n<p>\u010clanica \u017eirija Olivera Mijailovi\u0107 iz Resavske biblioteke istakla je da je na konkurs pristigao ve\u0107i broj radova, 168, i da je \u017eiri imao lep zadatak da \u010dita i vrednuje radove iz kojih je proisteo zbornik &#8220;Crte i reze 12&#8221; koji se mo\u017ee \u010ditati i u lisnoj i u elektronskoj formi. Olivera je posebno istakla sve ve\u0107e u\u010de\u0161\u0107e autora iz Svilajnca. Ona je ohrabrila sve autore naro\u010dito one okupljene oko knji\u017eevnog kluba &#8220;Olov\u010de&#8221; da po\u0161alju svoje radove, jer &#8220;konkurs vrednuje ono \u0161to je kvalitet&#8221; istakla je Mijailovi\u0107.<\/p>\n<p>Zbornik sadr\u017ei radove 21 autora, a publika je tokom ve\u010deri mogla da \u010duje nekoliko delo autora koji su prisustvovali sve\u010danosti. Odlomke iz svojih pripovedaka \u010ditale su Dragana Mr\u0111a iz Beograda i Olivera Miti\u0107 iz Smedereva, a svoje radove iz oblasti knji\u017eevne kritike pored prvonagra\u0111enog Stefana Mladenovi\u0107a predstavila je i Jelena Vukoti\u0107 iz Valjeva, koja je ranije \u017eivela u Svilajncu.<\/p>\n","protected":false},"excerpt":{"rendered":"<p>SVILAJNAC-U Svilajncu je 12. put odr\u017eana sve\u010danost i dodeljena jedna od najzna\u010dajnijih knji\u017eevnih nagrada u Srbiji koja se dodeljuje za knji\u017eevnu pripovetku i kritiku i &hellip; <\/p>\n","protected":false},"author":2,"featured_media":31112,"comment_status":"open","ping_status":"open","sticky":false,"template":"","format":"standard","meta":{"footnotes":""},"categories":[1524,2,15,887,12,1517,5785],"tags":[799,3143],"_links":{"self":[{"href":"https:\/\/centralmedia.rs\/index.php\/wp-json\/wp\/v2\/posts\/31111"}],"collection":[{"href":"https:\/\/centralmedia.rs\/index.php\/wp-json\/wp\/v2\/posts"}],"about":[{"href":"https:\/\/centralmedia.rs\/index.php\/wp-json\/wp\/v2\/types\/post"}],"author":[{"embeddable":true,"href":"https:\/\/centralmedia.rs\/index.php\/wp-json\/wp\/v2\/users\/2"}],"replies":[{"embeddable":true,"href":"https:\/\/centralmedia.rs\/index.php\/wp-json\/wp\/v2\/comments?post=31111"}],"version-history":[{"count":1,"href":"https:\/\/centralmedia.rs\/index.php\/wp-json\/wp\/v2\/posts\/31111\/revisions"}],"predecessor-version":[{"id":31117,"href":"https:\/\/centralmedia.rs\/index.php\/wp-json\/wp\/v2\/posts\/31111\/revisions\/31117"}],"wp:featuredmedia":[{"embeddable":true,"href":"https:\/\/centralmedia.rs\/index.php\/wp-json\/wp\/v2\/media\/31112"}],"wp:attachment":[{"href":"https:\/\/centralmedia.rs\/index.php\/wp-json\/wp\/v2\/media?parent=31111"}],"wp:term":[{"taxonomy":"category","embeddable":true,"href":"https:\/\/centralmedia.rs\/index.php\/wp-json\/wp\/v2\/categories?post=31111"},{"taxonomy":"post_tag","embeddable":true,"href":"https:\/\/centralmedia.rs\/index.php\/wp-json\/wp\/v2\/tags?post=31111"}],"curies":[{"name":"wp","href":"https:\/\/api.w.org\/{rel}","templated":true}]}}