{"id":31118,"date":"2022-04-26T14:28:15","date_gmt":"2022-04-26T12:28:15","guid":{"rendered":"http:\/\/centralmedia.rs\/?p=31118"},"modified":"2022-04-28T20:37:30","modified_gmt":"2022-04-28T18:37:30","slug":"pozovi-me-radi-preljube-u-svilajncu","status":"publish","type":"post","link":"https:\/\/centralmedia.rs\/index.php\/2022\/04\/26\/pozovi-me-radi-preljube-u-svilajncu\/","title":{"rendered":"&#8220;Pozovi me radi preljube&#8221; u Svilajncu"},"content":{"rendered":"<p>SVILAJNAC- U \u010detvrtak od 20 sati u Centru za kuzlutur u Svilajncu pozori\u0161na predstava &#8220;Pozovi me radi preljube&#8221; po tekstu Reja Kunija i \u00a0D\u017eon \u010cempena, u re\u017eiji Branislava Nedi\u0107a. Re\u010d je o predstavi pozori\u0161ta &#8220;Dragoljub Milosavljevi\u0107 Gula&#8221;- Kulturno-prosvetnog centra iz Petrovca na Mlavi. Ulaz se ne napla\u0107uje, a numerisane ulaznice mo\u017eete preuzeti na blagajni Centra za kulturu u periodu od 13 do 20 sati.<\/p>\n<div id='gallery-1' class='gallery galleryid-31118 gallery-columns-4 gallery-size-thumbnail'><figure class='gallery-item'>\n\t\t\t<div class='gallery-icon portrait'>\n\t\t\t\t<a href='https:\/\/centralmedia.rs\/index.php\/2022\/04\/26\/pozovi-me-radi-preljube-u-svilajncu\/predstava-12\/'><img loading=\"lazy\" decoding=\"async\" width=\"150\" height=\"150\" src=\"https:\/\/centralmedia.rs\/wp-content\/uploads\/2022\/04\/predstava-150x150.jpg\" class=\"attachment-thumbnail size-thumbnail\" alt=\"\" \/><\/a>\n\t\t\t<\/div><\/figure><figure class='gallery-item'>\n\t\t\t<div class='gallery-icon landscape'>\n\t\t\t\t<a href='https:\/\/centralmedia.rs\/index.php\/2022\/04\/26\/pozovi-me-radi-preljube-u-svilajncu\/predstava1-2\/'><img loading=\"lazy\" decoding=\"async\" width=\"150\" height=\"150\" src=\"https:\/\/centralmedia.rs\/wp-content\/uploads\/2022\/04\/predstava1-150x150.jpg\" class=\"attachment-thumbnail size-thumbnail\" alt=\"\" \/><\/a>\n\t\t\t<\/div><\/figure><figure class='gallery-item'>\n\t\t\t<div class='gallery-icon landscape'>\n\t\t\t\t<a href='https:\/\/centralmedia.rs\/index.php\/2022\/04\/26\/pozovi-me-radi-preljube-u-svilajncu\/predstava2-2\/'><img loading=\"lazy\" decoding=\"async\" width=\"150\" height=\"150\" src=\"https:\/\/centralmedia.rs\/wp-content\/uploads\/2022\/04\/predstava2-150x150.jpg\" class=\"attachment-thumbnail size-thumbnail\" alt=\"\" \/><\/a>\n\t\t\t<\/div><\/figure><figure class='gallery-item'>\n\t\t\t<div class='gallery-icon landscape'>\n\t\t\t\t<a href='https:\/\/centralmedia.rs\/index.php\/2022\/04\/26\/pozovi-me-radi-preljube-u-svilajncu\/predstava3\/'><img loading=\"lazy\" decoding=\"async\" width=\"150\" height=\"150\" src=\"https:\/\/centralmedia.rs\/wp-content\/uploads\/2022\/04\/predstava3-150x150.jpg\" class=\"attachment-thumbnail size-thumbnail\" alt=\"\" \/><\/a>\n\t\t\t<\/div><\/figure>\n\t\t<\/div>\n\n","protected":false},"excerpt":{"rendered":"<p>SVILAJNAC- U \u010detvrtak od 20 sati u Centru za kuzlutur u Svilajncu pozori\u0161na predstava &#8220;Pozovi me radi preljube&#8221; po tekstu Reja Kunija i \u00a0D\u017eon \u010cempena, &hellip; <\/p>\n","protected":false},"author":2,"featured_media":31119,"comment_status":"open","ping_status":"open","sticky":false,"template":"","format":"standard","meta":{"footnotes":""},"categories":[1524,2,5643,15,887,12,1517],"tags":[2767,1685,38],"_links":{"self":[{"href":"https:\/\/centralmedia.rs\/index.php\/wp-json\/wp\/v2\/posts\/31118"}],"collection":[{"href":"https:\/\/centralmedia.rs\/index.php\/wp-json\/wp\/v2\/posts"}],"about":[{"href":"https:\/\/centralmedia.rs\/index.php\/wp-json\/wp\/v2\/types\/post"}],"author":[{"embeddable":true,"href":"https:\/\/centralmedia.rs\/index.php\/wp-json\/wp\/v2\/users\/2"}],"replies":[{"embeddable":true,"href":"https:\/\/centralmedia.rs\/index.php\/wp-json\/wp\/v2\/comments?post=31118"}],"version-history":[{"count":1,"href":"https:\/\/centralmedia.rs\/index.php\/wp-json\/wp\/v2\/posts\/31118\/revisions"}],"predecessor-version":[{"id":31123,"href":"https:\/\/centralmedia.rs\/index.php\/wp-json\/wp\/v2\/posts\/31118\/revisions\/31123"}],"wp:featuredmedia":[{"embeddable":true,"href":"https:\/\/centralmedia.rs\/index.php\/wp-json\/wp\/v2\/media\/31119"}],"wp:attachment":[{"href":"https:\/\/centralmedia.rs\/index.php\/wp-json\/wp\/v2\/media?parent=31118"}],"wp:term":[{"taxonomy":"category","embeddable":true,"href":"https:\/\/centralmedia.rs\/index.php\/wp-json\/wp\/v2\/categories?post=31118"},{"taxonomy":"post_tag","embeddable":true,"href":"https:\/\/centralmedia.rs\/index.php\/wp-json\/wp\/v2\/tags?post=31118"}],"curies":[{"name":"wp","href":"https:\/\/api.w.org\/{rel}","templated":true}]}}