{"id":3113,"date":"2016-05-13T20:18:37","date_gmt":"2016-05-13T20:18:37","guid":{"rendered":"http:\/\/centralmedia.rs\/?p=3113"},"modified":"2016-05-13T20:18:52","modified_gmt":"2016-05-13T20:18:52","slug":"dejan-petrovic-big-band-na-uciteljskom-fakultetu","status":"publish","type":"post","link":"https:\/\/centralmedia.rs\/index.php\/2016\/05\/13\/dejan-petrovic-big-band-na-uciteljskom-fakultetu\/","title":{"rendered":"DEJAN PETROVI\u0106 &amp; BIG BAND ZA OBNOVU U\u010cITELJSKE \u0160KOLE"},"content":{"rendered":"<p>JAGODINA-Dejan Petrovi\u0107 i Big band odr\u017ea\u0107e humanitarni koncert za obnovu stare zgrade U\u010diteljske \u0161kole u Jagodini. Koncert \u0107e biti odr\u017ean 9 juna u parku Fakulteta pedago\u0161kih nauka.  <\/p>\n","protected":false},"excerpt":{"rendered":"<p>JAGODINA-Dejan Petrovi\u0107 i Big band odr\u017ea\u0107e humanitarni koncert za obnovu stare zgrade U\u010diteljske \u0161kole u Jagodini. Koncert \u0107e biti odr\u017ean 9 juna u parku Fakulteta &hellip; <\/p>\n","protected":false},"author":4,"featured_media":3114,"comment_status":"open","ping_status":"open","sticky":false,"template":"","format":"standard","meta":{"footnotes":""},"categories":[2,16,12],"tags":[807,58,726],"_links":{"self":[{"href":"https:\/\/centralmedia.rs\/index.php\/wp-json\/wp\/v2\/posts\/3113"}],"collection":[{"href":"https:\/\/centralmedia.rs\/index.php\/wp-json\/wp\/v2\/posts"}],"about":[{"href":"https:\/\/centralmedia.rs\/index.php\/wp-json\/wp\/v2\/types\/post"}],"author":[{"embeddable":true,"href":"https:\/\/centralmedia.rs\/index.php\/wp-json\/wp\/v2\/users\/4"}],"replies":[{"embeddable":true,"href":"https:\/\/centralmedia.rs\/index.php\/wp-json\/wp\/v2\/comments?post=3113"}],"version-history":[{"count":0,"href":"https:\/\/centralmedia.rs\/index.php\/wp-json\/wp\/v2\/posts\/3113\/revisions"}],"wp:featuredmedia":[{"embeddable":true,"href":"https:\/\/centralmedia.rs\/index.php\/wp-json\/wp\/v2\/media\/3114"}],"wp:attachment":[{"href":"https:\/\/centralmedia.rs\/index.php\/wp-json\/wp\/v2\/media?parent=3113"}],"wp:term":[{"taxonomy":"category","embeddable":true,"href":"https:\/\/centralmedia.rs\/index.php\/wp-json\/wp\/v2\/categories?post=3113"},{"taxonomy":"post_tag","embeddable":true,"href":"https:\/\/centralmedia.rs\/index.php\/wp-json\/wp\/v2\/tags?post=3113"}],"curies":[{"name":"wp","href":"https:\/\/api.w.org\/{rel}","templated":true}]}}