{"id":31197,"date":"2022-05-06T18:19:02","date_gmt":"2022-05-06T16:19:02","guid":{"rendered":"http:\/\/centralmedia.rs\/?p=31197"},"modified":"2022-05-08T22:19:14","modified_gmt":"2022-05-08T20:19:14","slug":"za-slobodne-medije-moraju-da-se-bore-i-gradani","status":"publish","type":"post","link":"https:\/\/centralmedia.rs\/index.php\/2022\/05\/06\/za-slobodne-medije-moraju-da-se-bore-i-gradani\/","title":{"rendered":"ZA SLOBODNE MEDIJE MORAJU DA SE BORE I GRA\u0110ANI"},"content":{"rendered":"<p>Granski sindikat kulture, umetnosti i medija \u201eNezavisnost\u201c i Koalicija za slobodu medija, koju \u010dine Asocijacija medija, Asocijacija onlajn medija (AOM), Nezavisno dru\u0161tvo novinara Vojvodine (NDNV), Nezavisno udru\u017eenje novinara Srbije (NUNS), Poslovno udru\u017eenje Asocijacija lokalnih i nezavisnih medija \u201eLokal Pres\u201c i Slavko \u0106uruvija Fondacija, upozoravaju javnost da uru\u0161avanje medijskih sloboda u Srbiji za posledicu ima ugro\u017eavanje svih ostalih prava, me\u0111u kojima i prava sveta rada, ali i svih civilizacijskih standarda savremenog demokratskog sveta.<\/p>\n<p style=\"font-style: inherit; font-weight: inherit;\">Bez slobode medija i nezavisne novinarske profesije nije mogu\u0107e da se \u010duje glas obespravljenih, niti onih koji su izlo\u017eeni pritiscima ili represiji. Kada imamo medijski mrak, sva ljudska prava su ugro\u017eena i niko ne mo\u017ee da se ose\u0107a bezbedno. Na\u017ealost, i ove godine svetski Dan slobode medija Srbija do\u010dekuje u medijskom mraku.<\/p>\n<p style=\"font-style: inherit; font-weight: inherit;\">\n<p style=\"font-style: inherit; font-weight: inherit;\">Na javnoj sceni dominiraju la\u017ene vesti i propagandne informacije \u010diji kreatori se naj\u010de\u0161\u0107e nalaze na pozicijama politi\u010dke mo\u0107i. Govor mr\u017enje postao je normalizovan u politi\u010dkom narativu. Informativna blokada onemogu\u0107ava podsticanje kriti\u010dke svesti. Informacije postaju klju\u010dna poluga za manipulisanje javnim mnjenjem. Slu\u017ebenici takve propagande su i brojni kvazimediji i antinovinari koji su zapravo glasnogovornici populisti\u010dkih i antidemokratskih politika.<\/p>\n<p style=\"font-style: inherit; font-weight: inherit;\">\n<p style=\"font-style: inherit; font-weight: inherit;\">Apelujemo na gra\u0111ane da se izbore za slobodne medije, jer je to prvi korak u borbi za demokratizaciju dru\u0161tva, za vladavinu prava i prava radni\u010dke klase, koja je u ovoj zemlji danas duboko poni\u017eena.<\/p>\n<p style=\"font-style: inherit; font-weight: inherit;\">\n<p style=\"font-style: inherit; font-weight: inherit;\">Ne dozvolite da u va\u0161im sredinama lokalni mo\u0107nici kroje pravila igre, ve\u0107 podr\u017eite lokalne novinare koji svoj posao obavljaju u skladu sa standardima profesije, a ne interesima centara mo\u0107i.<\/p>\n<p style=\"font-style: inherit; font-weight: inherit;\">\n<p style=\"font-style: inherit; font-weight: inherit;\">Slobodni mediji i profesionalni novinari i drugi medijski radnici su va\u0161 glas, glas svih gra\u0111ana. Slobodni mediji obezbe\u0111uju mo\u0107 u rukama gra\u0111ana, jer su oni kontrolori donosioca odluka.<\/p>\n<p style=\"font-style: inherit; font-weight: inherit;\">\n<p style=\"font-style: inherit; font-weight: inherit;\">Godinama unazad svedo\u010dimo trendu gu\u0161enja medija koji deluju u skladu sa kodeksom struke, profesionalni novinari izlo\u017eeni su svakodnevnim pritiscima i pretnjama samo zbog toga \u0161to zastupaju javni interes. Malo ko za te pretnje odgovora.<\/p>\n<p style=\"font-style: inherit; font-weight: inherit;\">\n<p style=\"font-style: inherit; font-weight: inherit;\">\u010cesto napadima na novinare prethode prozivke i etiketiranja novinara od dr\u017eavnih zvani\u010dnika ili lokalnih politi\u010dara koji time zapravo podsti\u010du nasilnike i nasilje prema profesionalnim novinarima.<\/p>\n<p style=\"font-style: inherit; font-weight: inherit;\">\n<p style=\"font-style: inherit; font-weight: inherit;\">Gra\u0111ani moraju da budu svesni da su te pretnje direktan atak i na njihove slobode. I zato treba da dignu glas i zahtevaju od institucija da deluju po zakonu.<\/p>\n<p style=\"font-style: inherit; font-weight: inherit;\">\n<p style=\"font-style: inherit; font-weight: inherit;\">Podse\u0107amo da prema izve\u0161tajima relevantnih me\u0111unarodnih organizacija Srbija ne spada u kategoriju demokratskih dr\u017eava \u2013 ve\u0107 me\u0111u hibridne re\u017eime, u kojima je vlast zasnovana na autoritarizmu.<\/p>\n<p style=\"font-style: inherit; font-weight: inherit;\">\n<p style=\"font-style: inherit; font-weight: inherit;\">Svetski dan slobode medija 3. maj ustanovljen odlukom Generalne skup\u0161tine Ujedinjenih nacija kao podsetnik vladama svih dr\u017eava da su du\u017ene da po\u0161tuju i podr\u017eavaju pravo na slobodu izra\u017eavanja zagarantovano \u010dlanom 19 Univerzalne deklaracije o ljudskim pravima.<\/p>\n<p style=\"font-style: inherit; font-weight: inherit;\">\n<p style=\"font-style: inherit; font-weight: inherit;\">Ukoliko se gra\u0111ani odreknu slobodnih medija, vi\u0161e ne\u0107e biti nikog da ih obavesti da su postali podanici. Jer, neprijatelji slobode medija su neprijatelji slobodnih gra\u0111ana.<\/p>\n<p style=\"font-style: inherit; font-weight: inherit;\">\n<p style=\"font-style: inherit; font-weight: inherit;\">I ove godine pozivamo novinare i medije da se pridru\u017ee me\u0111unarodnoj simboli\u010dnoj akciji \u201ePet minuta gromoglasne ti\u0161ine\u201c i isklju\u010de ton i sliku u svojim programima, a gra\u0111anima poru\u010dujemo da budu aktivni u za\u0161titi svojih prava time \u0161to \u0107e podr\u017eati slobodne medije.<\/p>\n<p style=\"font-style: inherit; font-weight: inherit;\">\n<p style=\"font-style: inherit; font-weight: inherit;\">Demokratsko dru\u0161tvo ne mogu da izgrade samo hrabri novinari, na\u0161em dru\u0161tvu potrebni su hrabri gra\u0111ani. Bez gra\u0111anske hrabrosti i odlu\u010dnosti nema ni slobodnog dru\u0161tva.<\/p>\n<p>&nbsp;<\/p>\n","protected":false},"excerpt":{"rendered":"<p>Granski sindikat kulture, umetnosti i medija \u201eNezavisnost\u201c i Koalicija za slobodu medija, koju \u010dine Asocijacija medija, Asocijacija onlajn medija (AOM), Nezavisno dru\u0161tvo novinara Vojvodine (NDNV), &hellip; <\/p>\n","protected":false},"author":2,"featured_media":31198,"comment_status":"open","ping_status":"open","sticky":false,"template":"","format":"standard","meta":{"footnotes":""},"categories":[14,2,12],"tags":[5805,2840,2841,5806,3436],"_links":{"self":[{"href":"https:\/\/centralmedia.rs\/index.php\/wp-json\/wp\/v2\/posts\/31197"}],"collection":[{"href":"https:\/\/centralmedia.rs\/index.php\/wp-json\/wp\/v2\/posts"}],"about":[{"href":"https:\/\/centralmedia.rs\/index.php\/wp-json\/wp\/v2\/types\/post"}],"author":[{"embeddable":true,"href":"https:\/\/centralmedia.rs\/index.php\/wp-json\/wp\/v2\/users\/2"}],"replies":[{"embeddable":true,"href":"https:\/\/centralmedia.rs\/index.php\/wp-json\/wp\/v2\/comments?post=31197"}],"version-history":[{"count":1,"href":"https:\/\/centralmedia.rs\/index.php\/wp-json\/wp\/v2\/posts\/31197\/revisions"}],"predecessor-version":[{"id":31199,"href":"https:\/\/centralmedia.rs\/index.php\/wp-json\/wp\/v2\/posts\/31197\/revisions\/31199"}],"wp:featuredmedia":[{"embeddable":true,"href":"https:\/\/centralmedia.rs\/index.php\/wp-json\/wp\/v2\/media\/31198"}],"wp:attachment":[{"href":"https:\/\/centralmedia.rs\/index.php\/wp-json\/wp\/v2\/media?parent=31197"}],"wp:term":[{"taxonomy":"category","embeddable":true,"href":"https:\/\/centralmedia.rs\/index.php\/wp-json\/wp\/v2\/categories?post=31197"},{"taxonomy":"post_tag","embeddable":true,"href":"https:\/\/centralmedia.rs\/index.php\/wp-json\/wp\/v2\/tags?post=31197"}],"curies":[{"name":"wp","href":"https:\/\/api.w.org\/{rel}","templated":true}]}}