{"id":31200,"date":"2022-05-06T18:26:22","date_gmt":"2022-05-06T16:26:22","guid":{"rendered":"http:\/\/centralmedia.rs\/?p=31200"},"modified":"2022-05-08T22:19:20","modified_gmt":"2022-05-08T20:19:20","slug":"uns-obustaviti-prekrsajne-postupke-protiv-novinara","status":"publish","type":"post","link":"https:\/\/centralmedia.rs\/index.php\/2022\/05\/06\/uns-obustaviti-prekrsajne-postupke-protiv-novinara\/","title":{"rendered":"UNS: Obustaviti prekr\u0161ajne postupke protiv novinara"},"content":{"rendered":"<p>Proglas UNS-a povodom 3. maja, Svetskog dana slobode medija<\/p>\n<p>Godinu izme\u0111u dva Svetska dana slobode medija novinari u Srbiji pamti\u0107e po upozorenjima koje je policija na ku\u0107nom pragu saop\u0161tavala novinarima da \u0107e snositi zakonske posledice za kr\u0161enje javnog reda i mira ukoliko se pojave na ekolo\u0161kim protestima.<\/p>\n<p>Zahvaljuju\u0107i protestima novinarskih udru\u017eenja povu\u010dene su prekr\u0161ane prijave protiv novinara koji su izve\u0161tavali sa ovih protesta: Gorana Jevremovi\u0107a iz Jagodine, Branka \u017dujovi\u0107a iz Subotice, \u017deljka Milojevi\u0107a iz Smedereva su povu\u010dene&#8230;ali ne i protiv novinarke\u00a0 frilenserke iz Sente Mine Deli\u0107 koja je dobila poziv sudije za prekr\u0161aje za 23. maj ove godine.<\/p>\n<p>U godini izme\u0111u dva Svetska dana slobode medija pove\u0107an je broj pretnji i uvreda novinarkama i novinarima preko dru\u0161tvenih mre\u017ea. Vrhunac ugro\u017eavanja sigurnosti novinara je \u0161tampanje uvredljivog letka \u2013 poternice za glavnom i odgovornom urednicom Podrinskih Isidorom Kova\u010devi\u0107 kojim je bio oblepljen \u0160abac. Organizatori i nalogodavci ove antinovinarske akcije jo\u0161 nisu prona\u0111eni.<\/p>\n<p>Godinu za nama pamtimo i po SLAP tu\u017ebama kojima je kompanija Milenijum tim tra\u017eila od vi\u0161e lokalnnih medija po 100.000 evra za naknadu materijalne \u0161tete zbog povrede ugleda samo zato \u0161to su prenele optu\u017ebu funkcionera Narodne stranke\u00a0 sa konferencije za novinare na ra\u010dun ove kompanije. Posle o\u0161tre reakcije novinarskih udru\u017eenja umanjili su od\u0161tene zahteve.<\/p>\n<p>Ni ovog 3. maja ne mo\u017eemo da ka\u017eemo da ima napretka u na\u010dinu raspodele novca za sufinansiranje proizvodnje medijskog sadr\u017eaja od javnog zna\u010daja. Naprotiv, organizacije i asocijacije kojima rukovode vlasnici provladinih lokalnih medija preko komisija koje formiraju sa lokalnim samoupravama dodeljuju novac svojim medijima obesmi\u0161ljavaju\u0107i zakon i smisao sistema projektnog sufinansiranja.<\/p>\n<p>Pro\u0107i \u0107e i ovaj Svetski dan slobode medija bez pravosna\u017ene presude za ubice vlasnika i urednika Dnevnog telegrafa i Evropljanina Slavka \u0106uruvije i bez optu\u017enice ubicama jagodinskog novinara Milana Panti\u0107a iz 2001. godine.<\/p>\n<p>Srpska zajednica i dalje nema nezavisan kanal koji treba da pokriva celu teritoriju Kosova i Metohije, a portal televizijskog kanala na srpskom jeziku RTK2 ne ure\u0111uje redakcija kojoj treba da pripada. Poslanik Samoopredeljenja Ljuan Aliju tra\u017ei zabranu portala na srpskom jeziku Kosovoonlajn.<\/p>\n<p>Iako je Evropska federacija novinara, na predlog UNS-a, usvojila dve Rezolucije o ubijenim i kidnapovanim novinarima na Kosovu od 1998 \u2013 2005. godine kojim je predvi\u0111eno i formiranje Me\u0111unarodne ekspertske komisije koja bi istra\u017eila ova ubistva i nestanke, ne nazire se njeno osnivanje.<\/p>\n<p>Zato UNS zahteva:<\/p>\n<ol>\n<li>Da protiv svih novinara koji su izve\u0161tavali sa ekolo\u0161kih protesta budu obustavljeni prekr\u0161ajni postupci;<\/li>\n<li>Da tu\u017eila\u0161tva i policija efikasno istra\u017ee sve pretnje novinarima i medijskim radnicima i o rezultatima tih istraga redovno obave\u0161tavaju javnost a da novinari i medijski radnici bez odlaganja prijavljuju ugro\u017eavanja bezbednosti i pritiske kojima su izlo\u017eeni koriste\u0107i Stalnu radnu grupu za bezbednost novinara i Radnu grupu za bezbednost i za\u0161titu novinara i SOS telefon;<\/li>\n<li>Da se zakonom propi\u0161e i za\u0161tita od nerealnih nov\u010danih od\u0161teta koje ugro\u017eavaju slobodu medija (SLAP tu\u017ebe).<\/li>\n<li>Da se zakonom i pravilnikom o projektnom sufinansiranju medijskog sadr\u017eaja propi\u0161u kriterijumi koje moraju da ispunjavaju organizacije i asocijacije koje predla\u017eu \u010dlanove komisija za projektno sufinansiranje medijskog sadr\u017eaja od javnog zna\u010daja kao i pojedinci, medijski eksperti;<\/li>\n<li>Da nova Vlada Srbije podr\u017ei predloge Komisije za istra\u017eivanje ubistava novinara kako bi \u0161to pre bila podignuta optu\u017enica za ubistvo novinara Milana Panti\u0107a i bile rasvetljene okolnosti smrti novinarke Dade Vujasinovi\u0107;<\/li>\n<li>Da Specijalno tu\u017eila\u0161tvo za ratne zlo\u010dine po\u010dne da radi svoj posao i kada su u pitanju sudbine vi\u0161e od 40 novinara i medijskih radnika srpskih redakcija ubijenih u gra\u0111anskom ratu u biv\u0161oj Jugoslasviji, u toku NATO agresije 1999. godine kao i na Kosovu i Metohiji od 1998 \u2013 2005. godine.<\/li>\n<li>Da kosovske institucije i me\u0111unarodna uprava na Kosovu hitno formiraju Me\u0111unarodnu ekspertsku komisiju koju tra\u017ei Evropska federacija novinara, u kojoj \u0107e biti i predstavnici novinarskih udru\u017eenja, radi istra\u017eivanja ubistava i kidnapovanja novinara i medijskih radnika na Kosovu od 1998 \u2013 2005. godine. Tra\u017eimo i da svi pregovori Kosova o viznoj liberalizaciji sa Evropskom unijom budu uslovljeni rezultatima ovih istraga.<\/li>\n<\/ol>\n","protected":false},"excerpt":{"rendered":"<p>Proglas UNS-a povodom 3. maja, Svetskog dana slobode medija Godinu izme\u0111u dva Svetska dana slobode medija novinari u Srbiji pamti\u0107e po upozorenjima koje je policija &hellip; <\/p>\n","protected":false},"author":2,"featured_media":11963,"comment_status":"open","ping_status":"open","sticky":false,"template":"","format":"standard","meta":{"footnotes":""},"categories":[14,1524,2,5643,1514,887,12],"tags":[58,137,5807,2694],"_links":{"self":[{"href":"https:\/\/centralmedia.rs\/index.php\/wp-json\/wp\/v2\/posts\/31200"}],"collection":[{"href":"https:\/\/centralmedia.rs\/index.php\/wp-json\/wp\/v2\/posts"}],"about":[{"href":"https:\/\/centralmedia.rs\/index.php\/wp-json\/wp\/v2\/types\/post"}],"author":[{"embeddable":true,"href":"https:\/\/centralmedia.rs\/index.php\/wp-json\/wp\/v2\/users\/2"}],"replies":[{"embeddable":true,"href":"https:\/\/centralmedia.rs\/index.php\/wp-json\/wp\/v2\/comments?post=31200"}],"version-history":[{"count":2,"href":"https:\/\/centralmedia.rs\/index.php\/wp-json\/wp\/v2\/posts\/31200\/revisions"}],"predecessor-version":[{"id":31202,"href":"https:\/\/centralmedia.rs\/index.php\/wp-json\/wp\/v2\/posts\/31200\/revisions\/31202"}],"wp:featuredmedia":[{"embeddable":true,"href":"https:\/\/centralmedia.rs\/index.php\/wp-json\/wp\/v2\/media\/11963"}],"wp:attachment":[{"href":"https:\/\/centralmedia.rs\/index.php\/wp-json\/wp\/v2\/media?parent=31200"}],"wp:term":[{"taxonomy":"category","embeddable":true,"href":"https:\/\/centralmedia.rs\/index.php\/wp-json\/wp\/v2\/categories?post=31200"},{"taxonomy":"post_tag","embeddable":true,"href":"https:\/\/centralmedia.rs\/index.php\/wp-json\/wp\/v2\/tags?post=31200"}],"curies":[{"name":"wp","href":"https:\/\/api.w.org\/{rel}","templated":true}]}}