{"id":31210,"date":"2022-05-08T21:55:41","date_gmt":"2022-05-08T19:55:41","guid":{"rendered":"http:\/\/centralmedia.rs\/?p=31210"},"modified":"2022-05-15T17:08:08","modified_gmt":"2022-05-15T15:08:08","slug":"manastirski-konak-u-zavrsnoj-fazi-uskoro-pocinje-izgradnja-crkve-posvecene-svetom-pajsiju-svetogorcu","status":"publish","type":"post","link":"https:\/\/centralmedia.rs\/index.php\/2022\/05\/08\/manastirski-konak-u-zavrsnoj-fazi-uskoro-pocinje-izgradnja-crkve-posvecene-svetom-pajsiju-svetogorcu\/","title":{"rendered":"MANASTIRSKI KONAK U ZAVR\u0160NOJ FAZI, USKORO PO\u010cINJE IZGRADNJA CRKVE POSVE\u0106ENE SVETOM PAJSIJU SVETOGORCU"},"content":{"rendered":"<p>JAGODINA- Za godinu dana obavljeni su radovi na izgradnji konaka budu\u0107eg manastirira posve\u0107enog Svetom Pajsiju Svetogorcu u \u0160uljkovcu kod Jagodine, a ovih dana po\u010dinje izgradnja crkve. Ovo je biti drugi manastir na podru\u010dju Jagodini, prvi Jo\u0161anica, izgra\u0111en je pre 700 godina.<\/p>\n<p>-U zavr\u0161noj fazi je izgradnja manastirskog konaka, za neki dan po\u010dinje izgradnja crkve, zatim prilaznog stepeni\u0161ta i ure\u0111enje prostora. Odbor za izgradnju manastira obi\u0161ao prostor i podr\u017eao plan daljih radova koji je izlo\u017eio svestenik Slavi\u0161a Ili\u0107, rekao je Zopran Gligorijevi\u0107.<\/p>\n<div id='gallery-1' class='gallery galleryid-31210 gallery-columns-3 gallery-size-thumbnail'><figure class='gallery-item'>\n\t\t\t<div class='gallery-icon landscape'>\n\t\t\t\t<a href='https:\/\/centralmedia.rs\/index.php\/2022\/05\/08\/manastirski-konak-u-zavrsnoj-fazi-uskoro-pocinje-izgradnja-crkve-posvecene-svetom-pajsiju-svetogorcu\/manastir-svetog-pajsija-svetogorca\/'><img loading=\"lazy\" decoding=\"async\" width=\"150\" height=\"150\" src=\"https:\/\/centralmedia.rs\/wp-content\/uploads\/2022\/05\/manastir-svetog-pajsija-svetogorca-150x150.jpg\" class=\"attachment-thumbnail size-thumbnail\" alt=\"\" \/><\/a>\n\t\t\t<\/div><\/figure><figure class='gallery-item'>\n\t\t\t<div class='gallery-icon landscape'>\n\t\t\t\t<a href='https:\/\/centralmedia.rs\/index.php\/2022\/05\/08\/manastirski-konak-u-zavrsnoj-fazi-uskoro-pocinje-izgradnja-crkve-posvecene-svetom-pajsiju-svetogorcu\/manastir-svetog-pajsija-svetogorca1\/'><img loading=\"lazy\" decoding=\"async\" width=\"150\" height=\"150\" src=\"https:\/\/centralmedia.rs\/wp-content\/uploads\/2022\/05\/manastir-svetog-pajsija-svetogorca1-150x150.jpg\" class=\"attachment-thumbnail size-thumbnail\" alt=\"\" \/><\/a>\n\t\t\t<\/div><\/figure><figure class='gallery-item'>\n\t\t\t<div class='gallery-icon landscape'>\n\t\t\t\t<a href='https:\/\/centralmedia.rs\/index.php\/2021\/06\/01\/osvestani-temelji-konaka-novog-manastira-svetog-pajsija-u-jagodini\/manastir-suljkovac2\/'><img loading=\"lazy\" decoding=\"async\" width=\"150\" height=\"150\" src=\"https:\/\/centralmedia.rs\/wp-content\/uploads\/2021\/06\/manastir-suljkovac2-150x150.jpg\" class=\"attachment-thumbnail size-thumbnail\" alt=\"\" \/><\/a>\n\t\t\t<\/div><\/figure>\n\t\t<\/div>\n\n<p>&nbsp;<\/p>\n<p>Pro\u0161le godine, 30. maja, u \u0160uljkovcu, Vladika \u0161umdijski Jovan je osve\u0161tao i polo\u017eio kamen temeljac manastirskog konaka, za budu\u0107i manastir koji \u0107e biti posve\u0107en Svetom Pajsiju Svetogorcu. Tom prilikom, on je rekao da je Sveti Pajsije bio sav satkan od vere, ljubavi, posta, truda, od molitve. I to \u0107e biti prva crkva u \u0161umadijskoj Eparhiji, a mo\u017eda i u celoj na\u0161oj Pomesnoj Crkvi, koja \u0107e biti posve\u0107ena ovom ugodniku Bo\u017eijem.<\/p>\n<p>Inicijator izgradnje manastira je sve\u0161tenik Slavi\u0161a Ili\u0107 uz nesebi\u010dnu podrsku i pomo\u0107 mnogobrojnih vernika,pojedinaca i preduze\u0107a.<\/p>\n","protected":false},"excerpt":{"rendered":"<p>JAGODINA- Za godinu dana obavljeni su radovi na izgradnji konaka budu\u0107eg manastirira posve\u0107enog Svetom Pajsiju Svetogorcu u \u0160uljkovcu kod Jagodine, a ovih dana po\u010dinje izgradnja &hellip; <\/p>\n","protected":false},"author":2,"featured_media":31211,"comment_status":"open","ping_status":"open","sticky":false,"template":"","format":"standard","meta":{"footnotes":""},"categories":[14,1524,2,1514,5643,887,12],"tags":[58,5811,5172],"_links":{"self":[{"href":"https:\/\/centralmedia.rs\/index.php\/wp-json\/wp\/v2\/posts\/31210"}],"collection":[{"href":"https:\/\/centralmedia.rs\/index.php\/wp-json\/wp\/v2\/posts"}],"about":[{"href":"https:\/\/centralmedia.rs\/index.php\/wp-json\/wp\/v2\/types\/post"}],"author":[{"embeddable":true,"href":"https:\/\/centralmedia.rs\/index.php\/wp-json\/wp\/v2\/users\/2"}],"replies":[{"embeddable":true,"href":"https:\/\/centralmedia.rs\/index.php\/wp-json\/wp\/v2\/comments?post=31210"}],"version-history":[{"count":2,"href":"https:\/\/centralmedia.rs\/index.php\/wp-json\/wp\/v2\/posts\/31210\/revisions"}],"predecessor-version":[{"id":31237,"href":"https:\/\/centralmedia.rs\/index.php\/wp-json\/wp\/v2\/posts\/31210\/revisions\/31237"}],"wp:featuredmedia":[{"embeddable":true,"href":"https:\/\/centralmedia.rs\/index.php\/wp-json\/wp\/v2\/media\/31211"}],"wp:attachment":[{"href":"https:\/\/centralmedia.rs\/index.php\/wp-json\/wp\/v2\/media?parent=31210"}],"wp:term":[{"taxonomy":"category","embeddable":true,"href":"https:\/\/centralmedia.rs\/index.php\/wp-json\/wp\/v2\/categories?post=31210"},{"taxonomy":"post_tag","embeddable":true,"href":"https:\/\/centralmedia.rs\/index.php\/wp-json\/wp\/v2\/tags?post=31210"}],"curies":[{"name":"wp","href":"https:\/\/api.w.org\/{rel}","templated":true}]}}