{"id":31256,"date":"2022-05-10T19:34:44","date_gmt":"2022-05-10T17:34:44","guid":{"rendered":"http:\/\/centralmedia.rs\/?p=31256"},"modified":"2022-05-12T02:20:09","modified_gmt":"2022-05-12T00:20:09","slug":"sef-delegacije-eu-i-ambasadori-evropskih-zemalja-u-poseti-opstini-svilajnac","status":"publish","type":"post","link":"https:\/\/centralmedia.rs\/index.php\/2022\/05\/10\/sef-delegacije-eu-i-ambasadori-evropskih-zemalja-u-poseti-opstini-svilajnac\/","title":{"rendered":"\u0160ef delegacije EU i ambasadori evropskih zemalja u poseti op\u0161tini Svilajnac"},"content":{"rendered":"<p>SVILAJNAC-\u0160ef Delegacije Evropske unije (EU) u Srbiji, ambasador Emanuele \u017diofre, i 20 ambasadora zemalja EU \u010dlanica, poseti\u0107e op\u0161tinu Svilajnac u sredu, 11. maja. Delegacija \u0107e posetiti projekte koje je u Svilajncu finansirala Evropska unija, a koji doprinose razvoju lokalne i poslovne infrastrukture, prevenciji od poplava, kao i unapre\u0111enju socijalne inkluzije. Ambasadori \u0107e u Svilajncu zajedno sa predsednikom op\u0161tine Predragom Milanovi\u0107em posetiti Prirodnja\u010dki centar Srbije, a zatim obi\u0107i Dom kulture u jednom od najve\u0107ih sela u svilajna\u010dkoj op\u0161tini Ku\u0161iljevu, koji je renoviran sredstvima Evropske unije.<\/p>\n","protected":false},"excerpt":{"rendered":"<p>SVILAJNAC-\u0160ef Delegacije Evropske unije (EU) u Srbiji, ambasador Emanuele \u017diofre, i 20 ambasadora zemalja EU \u010dlanica, poseti\u0107e op\u0161tinu Svilajnac u sredu, 11. maja. Delegacija \u0107e &hellip; <\/p>\n","protected":false},"author":2,"featured_media":16039,"comment_status":"open","ping_status":"open","sticky":false,"template":"","format":"standard","meta":{"footnotes":""},"categories":[1524,2,13,887,12,5785,1517],"tags":[5817,225,38],"_links":{"self":[{"href":"https:\/\/centralmedia.rs\/index.php\/wp-json\/wp\/v2\/posts\/31256"}],"collection":[{"href":"https:\/\/centralmedia.rs\/index.php\/wp-json\/wp\/v2\/posts"}],"about":[{"href":"https:\/\/centralmedia.rs\/index.php\/wp-json\/wp\/v2\/types\/post"}],"author":[{"embeddable":true,"href":"https:\/\/centralmedia.rs\/index.php\/wp-json\/wp\/v2\/users\/2"}],"replies":[{"embeddable":true,"href":"https:\/\/centralmedia.rs\/index.php\/wp-json\/wp\/v2\/comments?post=31256"}],"version-history":[{"count":2,"href":"https:\/\/centralmedia.rs\/index.php\/wp-json\/wp\/v2\/posts\/31256\/revisions"}],"predecessor-version":[{"id":31258,"href":"https:\/\/centralmedia.rs\/index.php\/wp-json\/wp\/v2\/posts\/31256\/revisions\/31258"}],"wp:featuredmedia":[{"embeddable":true,"href":"https:\/\/centralmedia.rs\/index.php\/wp-json\/wp\/v2\/media\/16039"}],"wp:attachment":[{"href":"https:\/\/centralmedia.rs\/index.php\/wp-json\/wp\/v2\/media?parent=31256"}],"wp:term":[{"taxonomy":"category","embeddable":true,"href":"https:\/\/centralmedia.rs\/index.php\/wp-json\/wp\/v2\/categories?post=31256"},{"taxonomy":"post_tag","embeddable":true,"href":"https:\/\/centralmedia.rs\/index.php\/wp-json\/wp\/v2\/tags?post=31256"}],"curies":[{"name":"wp","href":"https:\/\/api.w.org\/{rel}","templated":true}]}}