{"id":31267,"date":"2022-05-12T02:19:29","date_gmt":"2022-05-12T00:19:29","guid":{"rendered":"http:\/\/centralmedia.rs\/?p=31267"},"modified":"2022-05-31T19:03:18","modified_gmt":"2022-05-31T17:03:18","slug":"svilajnac-posetilo-20-ambasadora-iz-zemalja-eu","status":"publish","type":"post","link":"https:\/\/centralmedia.rs\/index.php\/2022\/05\/12\/svilajnac-posetilo-20-ambasadora-iz-zemalja-eu\/","title":{"rendered":"Svilajnac posetilo 20 ambasadora iz zemalja EU"},"content":{"rendered":"<p>SVILAJNAC- \u0160ef delegacije EU u Srbiji Emanuel \u017diofre predvodio je 20 ambasadora dr\u017eava \u010dlanica EU prilikom dana\u0161nje posete Svilajncu. On je podsetio da je EU od 2014. godine investirala u infrastrukturu Svilajnca 15 miliona evra.<\/p>\n<div id='gallery-1' class='gallery galleryid-31267 gallery-columns-8 gallery-size-thumbnail'><figure class='gallery-item'>\n\t\t\t<div class='gallery-icon landscape'>\n\t\t\t\t<a href='https:\/\/centralmedia.rs\/index.php\/2022\/05\/12\/svilajnac-posetilo-20-ambasadora-iz-zemalja-eu\/%d0%b5%d1%83\/'><img loading=\"lazy\" decoding=\"async\" width=\"150\" height=\"150\" src=\"https:\/\/centralmedia.rs\/wp-content\/uploads\/2022\/05\/\u0435\u0443-150x150.jpg\" class=\"attachment-thumbnail size-thumbnail\" alt=\"\" \/><\/a>\n\t\t\t<\/div><\/figure><figure class='gallery-item'>\n\t\t\t<div class='gallery-icon landscape'>\n\t\t\t\t<a href='https:\/\/centralmedia.rs\/index.php\/2022\/05\/12\/svilajnac-posetilo-20-ambasadora-iz-zemalja-eu\/%d0%b5%d1%831\/'><img loading=\"lazy\" decoding=\"async\" width=\"150\" height=\"150\" src=\"https:\/\/centralmedia.rs\/wp-content\/uploads\/2022\/05\/\u0435\u04431-150x150.jpg\" class=\"attachment-thumbnail size-thumbnail\" alt=\"\" \/><\/a>\n\t\t\t<\/div><\/figure><figure class='gallery-item'>\n\t\t\t<div class='gallery-icon landscape'>\n\t\t\t\t<a href='https:\/\/centralmedia.rs\/index.php\/2022\/05\/12\/svilajnac-posetilo-20-ambasadora-iz-zemalja-eu\/%d0%b5%d1%832\/'><img loading=\"lazy\" decoding=\"async\" width=\"150\" height=\"150\" src=\"https:\/\/centralmedia.rs\/wp-content\/uploads\/2022\/05\/\u0435\u04432-150x150.jpg\" class=\"attachment-thumbnail size-thumbnail\" alt=\"\" \/><\/a>\n\t\t\t<\/div><\/figure><figure class='gallery-item'>\n\t\t\t<div class='gallery-icon landscape'>\n\t\t\t\t<a href='https:\/\/centralmedia.rs\/index.php\/2022\/05\/12\/svilajnac-posetilo-20-ambasadora-iz-zemalja-eu\/%d0%b5%d1%833\/'><img loading=\"lazy\" decoding=\"async\" width=\"150\" height=\"150\" src=\"https:\/\/centralmedia.rs\/wp-content\/uploads\/2022\/05\/\u0435\u04433-150x150.jpg\" class=\"attachment-thumbnail size-thumbnail\" alt=\"\" \/><\/a>\n\t\t\t<\/div><\/figure><figure class='gallery-item'>\n\t\t\t<div class='gallery-icon landscape'>\n\t\t\t\t<a href='https:\/\/centralmedia.rs\/index.php\/2022\/05\/12\/svilajnac-posetilo-20-ambasadora-iz-zemalja-eu\/%d0%b5%d1%834\/'><img loading=\"lazy\" decoding=\"async\" width=\"150\" height=\"150\" src=\"https:\/\/centralmedia.rs\/wp-content\/uploads\/2022\/05\/\u0435\u04434-150x150.jpg\" class=\"attachment-thumbnail size-thumbnail\" alt=\"\" \/><\/a>\n\t\t\t<\/div><\/figure><figure class='gallery-item'>\n\t\t\t<div class='gallery-icon landscape'>\n\t\t\t\t<a href='https:\/\/centralmedia.rs\/index.php\/2022\/05\/12\/svilajnac-posetilo-20-ambasadora-iz-zemalja-eu\/%d0%b5%d1%835\/'><img loading=\"lazy\" decoding=\"async\" width=\"150\" height=\"150\" src=\"https:\/\/centralmedia.rs\/wp-content\/uploads\/2022\/05\/\u0435\u04435-150x150.jpg\" class=\"attachment-thumbnail size-thumbnail\" alt=\"\" \/><\/a>\n\t\t\t<\/div><\/figure><figure class='gallery-item'>\n\t\t\t<div class='gallery-icon landscape'>\n\t\t\t\t<a href='https:\/\/centralmedia.rs\/index.php\/2022\/05\/12\/svilajnac-posetilo-20-ambasadora-iz-zemalja-eu\/%d0%b5%d1%836\/'><img loading=\"lazy\" decoding=\"async\" width=\"150\" height=\"150\" src=\"https:\/\/centralmedia.rs\/wp-content\/uploads\/2022\/05\/\u0435\u04436-150x150.jpg\" class=\"attachment-thumbnail size-thumbnail\" alt=\"\" \/><\/a>\n\t\t\t<\/div><\/figure><figure class='gallery-item'>\n\t\t\t<div class='gallery-icon landscape'>\n\t\t\t\t<a href='https:\/\/centralmedia.rs\/index.php\/2022\/05\/12\/svilajnac-posetilo-20-ambasadora-iz-zemalja-eu\/%d0%b5%d1%837\/'><img loading=\"lazy\" decoding=\"async\" width=\"150\" height=\"150\" src=\"https:\/\/centralmedia.rs\/wp-content\/uploads\/2022\/05\/\u0435\u04437-150x150.jpg\" class=\"attachment-thumbnail size-thumbnail\" alt=\"\" \/><\/a>\n\t\t\t<\/div><\/figure>\n\t\t<\/div>\n\n<p>&#8211; Svilajnac primer kako Evropska unija i Srbija mogu da stvore dobre uslove za lokalni razvoj. Ovo je pri\u010da o uspehu, koja pokazuje da ukoliko svi zajedno radimo, EU, dr\u017eave \u010dlanice, op\u0161tine i Vlada Srbije, mo\u017eemo puno toga da postignemo. Sara\u0111ujemo u raznim sektorima, poput socijalnog, u okviru koga se grade stambeni objekti za osobe kojima je neophodno, u oblasti obrazovanja, za \u0161ta je najbolji primer Prirodnja\u010dki centar Srbije, kao i u oblasti kulture, ali i ekonomije, u okviru koje se izra\u0111uju pristupni centri za industrijske zone. Sve \u0161to je ura\u0111eno korisno je za stanovni\u0161tvo, a istovremeno je privuklo druge investicije, jer kad govorimo o EU, nije re\u010d samo o Evropskoj komisiji, ve\u0107 postoje i bilateralni projekti dr\u017eava \u010dlanica, a bitan je i privatan sektor, koji je odlu\u010dio da je ovo dobro mesto za razvoj njihovog poslovanja, rekao je \u017diofre.<\/p>\n<p>Predsednik op\u0161tine Svilajnac Predrag Milanovi\u0107 je naglasio da ovako \u201evisoka\u201c delegacija nikada nije posetila Svilajnac, \u0161to je veliko priznanje u njegovoj politi\u010dkoj karijeri, ali i priznanje za ceo grad. Naveo je da je EU ulo\u017eila u Svilajncu 16,5 miliona evra u sanaciju infrastrukturu i regulaciju Resave. Saradnja sa privredom EU je, tako\u0111e, za primer.<\/p>\n<p>&#8211; Svilajnac je jedan od retkih gradova u Srbiji koji ostvaruje suficit u ekonomskoj razmeni. U EU je plasirano robe u vrednosti 146 miliona dolara, a suficit je iznosio 5,5 miliona dolara. U industrijskoj zoni u Svilajncu posluju \u010detiri nema\u010dke kompanije, koje se bave elektronikom i koje zapo\u0161ljavaju oko hiljadu radnika. Tu je i italijanski \u201eAriston\u201c, dve firme iz \u0160vajcarske, od kojih je jedna najve\u0107i proizvo\u0111a\u010d korni\u0161ona na Balkanu i koja je nedavno dobila partnera iz Austrije. Nova investicija iz Slovenije treba da bude izgra\u0111ena u novoj Zoni privre\u0111ivanja, istakao je on.<\/p>\n<p>Ambasadori su posetili Prirodnja\u010dki centar Srbije, gde im je direktorka Prirodnja\u010dkog centra Srbije Sara Raj\u010di\u0107 kazala da je re\u010d o lideru nau\u010dnog turizma koji godi\u0161nje obi\u0111e 100 hiljada posetilaca. Zatim su prisustvovali koncertu KUD \u201eKu\u0161iljevo\u201c u Domu kulture u selu Ku\u0161iljevu, gde je EU ulo\u017eila 150 hiljada u rekonstrukciju objekta.<\/p>\n<p>&nbsp;<\/p>\n","protected":false},"excerpt":{"rendered":"<p>SVILAJNAC- \u0160ef delegacije EU u Srbiji Emanuel \u017diofre predvodio je 20 ambasadora dr\u017eava \u010dlanica EU prilikom dana\u0161nje posete Svilajncu. On je podsetio da je EU &hellip; <\/p>\n","protected":false},"author":2,"featured_media":4252,"comment_status":"open","ping_status":"open","sticky":false,"template":"","format":"standard","meta":{"footnotes":""},"categories":[14,1524,2,887,12,1517,5785],"tags":[5818,5819,38],"_links":{"self":[{"href":"https:\/\/centralmedia.rs\/index.php\/wp-json\/wp\/v2\/posts\/31267"}],"collection":[{"href":"https:\/\/centralmedia.rs\/index.php\/wp-json\/wp\/v2\/posts"}],"about":[{"href":"https:\/\/centralmedia.rs\/index.php\/wp-json\/wp\/v2\/types\/post"}],"author":[{"embeddable":true,"href":"https:\/\/centralmedia.rs\/index.php\/wp-json\/wp\/v2\/users\/2"}],"replies":[{"embeddable":true,"href":"https:\/\/centralmedia.rs\/index.php\/wp-json\/wp\/v2\/comments?post=31267"}],"version-history":[{"count":3,"href":"https:\/\/centralmedia.rs\/index.php\/wp-json\/wp\/v2\/posts\/31267\/revisions"}],"predecessor-version":[{"id":31284,"href":"https:\/\/centralmedia.rs\/index.php\/wp-json\/wp\/v2\/posts\/31267\/revisions\/31284"}],"wp:featuredmedia":[{"embeddable":true,"href":"https:\/\/centralmedia.rs\/index.php\/wp-json\/wp\/v2\/media\/4252"}],"wp:attachment":[{"href":"https:\/\/centralmedia.rs\/index.php\/wp-json\/wp\/v2\/media?parent=31267"}],"wp:term":[{"taxonomy":"category","embeddable":true,"href":"https:\/\/centralmedia.rs\/index.php\/wp-json\/wp\/v2\/categories?post=31267"},{"taxonomy":"post_tag","embeddable":true,"href":"https:\/\/centralmedia.rs\/index.php\/wp-json\/wp\/v2\/tags?post=31267"}],"curies":[{"name":"wp","href":"https:\/\/api.w.org\/{rel}","templated":true}]}}