{"id":31285,"date":"2022-05-12T13:14:03","date_gmt":"2022-05-12T11:14:03","guid":{"rendered":"http:\/\/centralmedia.rs\/?p=31285"},"modified":"2022-05-15T17:04:46","modified_gmt":"2022-05-15T15:04:46","slug":"duhovno-i-kulturno-blago-manastira-prohor-pcinjski","status":"publish","type":"post","link":"https:\/\/centralmedia.rs\/index.php\/2022\/05\/12\/duhovno-i-kulturno-blago-manastira-prohor-pcinjski\/","title":{"rendered":"DUHOVNO I KULTURNO BLAGO MANASTIRA PROHOR P\u010cINJSKI"},"content":{"rendered":"<p>U organizaciji Eparhije vranjske i \u00a0Zavi\u010dajnog udru\u017eenja Vranjanaca u Beogradu \u201e\u017duto cve\u0107e\u201c u Ku\u0107i Kralja Petra Prvog u Beogradu je toku manifestacija ,,Duhovno i kulturno blago manastiora Prepodobnog Prohora P\u010dinjskog\u201d, a povodom obele\u017eavanja 950 godina psotojanja tog manastira. Manifestacija traje od 4. do 13. maja, a posetioci mogu da pogledaju izlo\u017ebu ,,Duhovno i kulturno blago manastira Prepodobnog Prohora P\u010dinjskog\u201d. O izlo\u017ebi je govorila autor Jelena Atanasovi\u0107, vi\u0161i kustos Narodnog muzeja u Vranju. Promocija izdanja Eparhije vranjske povodom 950 godina manastira Prepodobnog Prohora P\u010dinjskog odr\u017eana je 10. maja.<\/p>\n<div id='gallery-1' class='gallery galleryid-31285 gallery-columns-7 gallery-size-thumbnail'><figure class='gallery-item'>\n\t\t\t<div class='gallery-icon landscape'>\n\t\t\t\t<a href='https:\/\/centralmedia.rs\/index.php\/2022\/05\/12\/duhovno-i-kulturno-blago-manastira-prohor-pcinjski\/prohor1\/'><img loading=\"lazy\" decoding=\"async\" width=\"150\" height=\"150\" src=\"https:\/\/centralmedia.rs\/wp-content\/uploads\/2022\/05\/prohor1-150x150.jpg\" class=\"attachment-thumbnail size-thumbnail\" alt=\"\" \/><\/a>\n\t\t\t<\/div><\/figure><figure class='gallery-item'>\n\t\t\t<div class='gallery-icon landscape'>\n\t\t\t\t<a href='https:\/\/centralmedia.rs\/index.php\/2022\/05\/12\/duhovno-i-kulturno-blago-manastira-prohor-pcinjski\/prohor2\/'><img loading=\"lazy\" decoding=\"async\" width=\"150\" height=\"150\" src=\"https:\/\/centralmedia.rs\/wp-content\/uploads\/2022\/05\/prohor2-150x150.jpg\" class=\"attachment-thumbnail size-thumbnail\" alt=\"\" \/><\/a>\n\t\t\t<\/div><\/figure><figure class='gallery-item'>\n\t\t\t<div class='gallery-icon landscape'>\n\t\t\t\t<a href='https:\/\/centralmedia.rs\/index.php\/2022\/05\/12\/duhovno-i-kulturno-blago-manastira-prohor-pcinjski\/prohor3\/'><img loading=\"lazy\" decoding=\"async\" width=\"150\" height=\"150\" src=\"https:\/\/centralmedia.rs\/wp-content\/uploads\/2022\/05\/prohor3-150x150.jpg\" class=\"attachment-thumbnail size-thumbnail\" alt=\"\" \/><\/a>\n\t\t\t<\/div><\/figure><figure class='gallery-item'>\n\t\t\t<div class='gallery-icon landscape'>\n\t\t\t\t<a href='https:\/\/centralmedia.rs\/index.php\/2022\/05\/12\/duhovno-i-kulturno-blago-manastira-prohor-pcinjski\/prohor4\/'><img loading=\"lazy\" decoding=\"async\" width=\"150\" height=\"150\" src=\"https:\/\/centralmedia.rs\/wp-content\/uploads\/2022\/05\/prohor4-150x150.jpg\" class=\"attachment-thumbnail size-thumbnail\" alt=\"\" \/><\/a>\n\t\t\t<\/div><\/figure><figure class='gallery-item'>\n\t\t\t<div class='gallery-icon landscape'>\n\t\t\t\t<a href='https:\/\/centralmedia.rs\/index.php\/2022\/05\/12\/duhovno-i-kulturno-blago-manastira-prohor-pcinjski\/prohor5\/'><img loading=\"lazy\" decoding=\"async\" width=\"150\" height=\"150\" src=\"https:\/\/centralmedia.rs\/wp-content\/uploads\/2022\/05\/prohor5-150x150.jpg\" class=\"attachment-thumbnail size-thumbnail\" alt=\"\" \/><\/a>\n\t\t\t<\/div><\/figure><figure class='gallery-item'>\n\t\t\t<div class='gallery-icon landscape'>\n\t\t\t\t<a href='https:\/\/centralmedia.rs\/index.php\/2022\/05\/12\/duhovno-i-kulturno-blago-manastira-prohor-pcinjski\/prohor6\/'><img loading=\"lazy\" decoding=\"async\" width=\"150\" height=\"150\" src=\"https:\/\/centralmedia.rs\/wp-content\/uploads\/2022\/05\/prohor6-150x150.jpg\" class=\"attachment-thumbnail size-thumbnail\" alt=\"\" \/><\/a>\n\t\t\t<\/div><\/figure><figure class='gallery-item'>\n\t\t\t<div class='gallery-icon landscape'>\n\t\t\t\t<a href='https:\/\/centralmedia.rs\/index.php\/2022\/05\/12\/duhovno-i-kulturno-blago-manastira-prohor-pcinjski\/prohor7\/'><img loading=\"lazy\" decoding=\"async\" width=\"150\" height=\"150\" src=\"https:\/\/centralmedia.rs\/wp-content\/uploads\/2022\/05\/prohor7-150x150.jpg\" class=\"attachment-thumbnail size-thumbnail\" alt=\"\" \/><\/a>\n\t\t\t<\/div><\/figure>\n\t\t<\/div>\n\n<p>O vi\u0161evekovnoj istoriji i duhovnom i kulturnom zna\u010daju manastira Prepodobnog Prohora P\u010dinjskog besedio je Njegovo Preosve\u0161tenstvo Episkop vranjski Gospodin Pahomije koji se na kraju besede zahvalio suorganizatorima izlo\u017ebe op\u0161tini Savski venac i Ku\u0107i Kralja Petra Prvog u Beogradu, kao i Narodnom muzeju iz Vranja i Istorijskom arhivu &#8220;31. januar&#8221; iz Vranja, kao i prisutnim zvanicama i gostima.<\/p>\n<p>U ime Njegove Svetosti Patrijarha srpskog Gospodina Porfirija prisutne je pozdravio njegov izaslanik vikarni Episkop topli\u010dki Gospodin Jerotej koji je otvorio izlo\u017ebu i biranim re\u010dima govorio o manastiru Prepodobnog Prohora P\u010dinjskog.<\/p>\n<p>U umetni\u010dkom programu u\u010destvovale su monahinje manastira Svetog arhi\u0111akona Stefana iz Gornjeg \u017dapskog i pojac Ljuba Manasijevi\u0107.<\/p>\n","protected":false},"excerpt":{"rendered":"<p>U organizaciji Eparhije vranjske i \u00a0Zavi\u010dajnog udru\u017eenja Vranjanaca u Beogradu \u201e\u017duto cve\u0107e\u201c u Ku\u0107i Kralja Petra Prvog u Beogradu je toku manifestacija ,,Duhovno i kulturno &hellip; <\/p>\n","protected":false},"author":2,"featured_media":31286,"comment_status":"open","ping_status":"open","sticky":false,"template":"","format":"standard","meta":{"footnotes":""},"categories":[2,5643,15,887,12],"tags":[649,5820],"_links":{"self":[{"href":"https:\/\/centralmedia.rs\/index.php\/wp-json\/wp\/v2\/posts\/31285"}],"collection":[{"href":"https:\/\/centralmedia.rs\/index.php\/wp-json\/wp\/v2\/posts"}],"about":[{"href":"https:\/\/centralmedia.rs\/index.php\/wp-json\/wp\/v2\/types\/post"}],"author":[{"embeddable":true,"href":"https:\/\/centralmedia.rs\/index.php\/wp-json\/wp\/v2\/users\/2"}],"replies":[{"embeddable":true,"href":"https:\/\/centralmedia.rs\/index.php\/wp-json\/wp\/v2\/comments?post=31285"}],"version-history":[{"count":1,"href":"https:\/\/centralmedia.rs\/index.php\/wp-json\/wp\/v2\/posts\/31285\/revisions"}],"predecessor-version":[{"id":31294,"href":"https:\/\/centralmedia.rs\/index.php\/wp-json\/wp\/v2\/posts\/31285\/revisions\/31294"}],"wp:featuredmedia":[{"embeddable":true,"href":"https:\/\/centralmedia.rs\/index.php\/wp-json\/wp\/v2\/media\/31286"}],"wp:attachment":[{"href":"https:\/\/centralmedia.rs\/index.php\/wp-json\/wp\/v2\/media?parent=31285"}],"wp:term":[{"taxonomy":"category","embeddable":true,"href":"https:\/\/centralmedia.rs\/index.php\/wp-json\/wp\/v2\/categories?post=31285"},{"taxonomy":"post_tag","embeddable":true,"href":"https:\/\/centralmedia.rs\/index.php\/wp-json\/wp\/v2\/tags?post=31285"}],"curies":[{"name":"wp","href":"https:\/\/api.w.org\/{rel}","templated":true}]}}