{"id":31296,"date":"2022-05-13T10:36:03","date_gmt":"2022-05-13T08:36:03","guid":{"rendered":"http:\/\/centralmedia.rs\/?p=31296"},"modified":"2022-05-19T15:28:38","modified_gmt":"2022-05-19T13:28:38","slug":"ubistvo-i-samoubistvo-u-paracinu","status":"publish","type":"post","link":"https:\/\/centralmedia.rs\/index.php\/2022\/05\/13\/ubistvo-i-samoubistvo-u-paracinu\/","title":{"rendered":"UBISTVO I SAMOUBISTVO U PARA\u0106INU"},"content":{"rendered":"<p>PARA\u0106IN- U ataru sela \u0160avac kod Para\u0107ina jutros su prona\u0111ena su dva be\u017eivotna \u00a0tela, kako saznajemo \u017eene A.\u017d. (41) i mu\u0161karca V.T. (51). Na njima su vidljive rane od hitaca iz vatrenog oru\u017eja, pored tela je prona\u0111eno vatreno oru\u017eje. Automobil u kome su se dovezli do tog mesta bio vlasni\u0161tvo\u00a0 A.\u017d.<\/p>\n<p>Pretpostavlja se da je mu\u0161karac izvr\u0161io ubistvo A.\u017d., a zatim sebi oduzeo \u017eivot pi\u0161toljem \u0161korpion. Vidljivo je vi\u0161e rana na telu \u017eene, a mu\u0161karac je samoubistvo po\u010dinio hicem u usta. Re\u010d je o dugogodi\u0161njim emotivnim partnerima, iako je V.T. imao porodicu.<\/p>\n","protected":false},"excerpt":{"rendered":"<p>PARA\u0106IN- U ataru sela \u0160avac kod Para\u0107ina jutros su prona\u0111ena su dva be\u017eivotna \u00a0tela, kako saznajemo \u017eene A.\u017d. (41) i mu\u0161karca V.T. (51). Na njima &hellip; <\/p>\n","protected":false},"author":2,"featured_media":13881,"comment_status":"open","ping_status":"open","sticky":false,"template":"","format":"standard","meta":{"footnotes":""},"categories":[1524,20,2,1516,5783,12],"tags":[156,312,1359],"_links":{"self":[{"href":"https:\/\/centralmedia.rs\/index.php\/wp-json\/wp\/v2\/posts\/31296"}],"collection":[{"href":"https:\/\/centralmedia.rs\/index.php\/wp-json\/wp\/v2\/posts"}],"about":[{"href":"https:\/\/centralmedia.rs\/index.php\/wp-json\/wp\/v2\/types\/post"}],"author":[{"embeddable":true,"href":"https:\/\/centralmedia.rs\/index.php\/wp-json\/wp\/v2\/users\/2"}],"replies":[{"embeddable":true,"href":"https:\/\/centralmedia.rs\/index.php\/wp-json\/wp\/v2\/comments?post=31296"}],"version-history":[{"count":1,"href":"https:\/\/centralmedia.rs\/index.php\/wp-json\/wp\/v2\/posts\/31296\/revisions"}],"predecessor-version":[{"id":31297,"href":"https:\/\/centralmedia.rs\/index.php\/wp-json\/wp\/v2\/posts\/31296\/revisions\/31297"}],"wp:featuredmedia":[{"embeddable":true,"href":"https:\/\/centralmedia.rs\/index.php\/wp-json\/wp\/v2\/media\/13881"}],"wp:attachment":[{"href":"https:\/\/centralmedia.rs\/index.php\/wp-json\/wp\/v2\/media?parent=31296"}],"wp:term":[{"taxonomy":"category","embeddable":true,"href":"https:\/\/centralmedia.rs\/index.php\/wp-json\/wp\/v2\/categories?post=31296"},{"taxonomy":"post_tag","embeddable":true,"href":"https:\/\/centralmedia.rs\/index.php\/wp-json\/wp\/v2\/tags?post=31296"}],"curies":[{"name":"wp","href":"https:\/\/api.w.org\/{rel}","templated":true}]}}