{"id":31298,"date":"2022-05-13T12:21:54","date_gmt":"2022-05-13T10:21:54","guid":{"rendered":"http:\/\/centralmedia.rs\/?p=31298"},"modified":"2022-05-18T23:57:45","modified_gmt":"2022-05-18T21:57:45","slug":"dan-medicinskih-sestara","status":"publish","type":"post","link":"https:\/\/centralmedia.rs\/index.php\/2022\/05\/13\/dan-medicinskih-sestara\/","title":{"rendered":"DAN MEDICINSKIH SESTARA"},"content":{"rendered":"<p>\u0106UPRIJA-U prepunoj sali amfiteatra Visoke medicinske \u0161kole u \u0106upriji\u00a0 sve\u010dano je\u00a0 obele\u017een 12.maj me\u0111unarodni dan medicinskih sestara,koji se tradicionalno proslavlja \u0161irom sveta u znak se\u0107anja na ro\u0111enje\u00a0 Florens Najtingel za\u010detnice modernog sestrinstva u svetu.<\/p>\n<div id='gallery-1' class='gallery galleryid-31298 gallery-columns-4 gallery-size-thumbnail'><figure class='gallery-item'>\n\t\t\t<div class='gallery-icon landscape'>\n\t\t\t\t<a href='https:\/\/centralmedia.rs\/index.php\/2022\/05\/13\/dan-medicinskih-sestara\/sestre1\/'><img loading=\"lazy\" decoding=\"async\" width=\"150\" height=\"150\" src=\"https:\/\/centralmedia.rs\/wp-content\/uploads\/2022\/05\/sestre1-150x150.jpg\" class=\"attachment-thumbnail size-thumbnail\" alt=\"\" \/><\/a>\n\t\t\t<\/div><\/figure><figure class='gallery-item'>\n\t\t\t<div class='gallery-icon landscape'>\n\t\t\t\t<a href='https:\/\/centralmedia.rs\/index.php\/2022\/05\/13\/dan-medicinskih-sestara\/sestre2\/'><img loading=\"lazy\" decoding=\"async\" width=\"150\" height=\"150\" src=\"https:\/\/centralmedia.rs\/wp-content\/uploads\/2022\/05\/sestre2-150x150.jpg\" class=\"attachment-thumbnail size-thumbnail\" alt=\"\" \/><\/a>\n\t\t\t<\/div><\/figure><figure class='gallery-item'>\n\t\t\t<div class='gallery-icon landscape'>\n\t\t\t\t<a href='https:\/\/centralmedia.rs\/index.php\/2022\/05\/13\/dan-medicinskih-sestara\/sestre3\/'><img loading=\"lazy\" decoding=\"async\" width=\"150\" height=\"150\" src=\"https:\/\/centralmedia.rs\/wp-content\/uploads\/2022\/05\/sestre3-150x150.jpg\" class=\"attachment-thumbnail size-thumbnail\" alt=\"\" \/><\/a>\n\t\t\t<\/div><\/figure><figure class='gallery-item'>\n\t\t\t<div class='gallery-icon landscape'>\n\t\t\t\t<a href='https:\/\/centralmedia.rs\/index.php\/2022\/05\/13\/dan-medicinskih-sestara\/sestre4\/'><img loading=\"lazy\" decoding=\"async\" width=\"150\" height=\"150\" src=\"https:\/\/centralmedia.rs\/wp-content\/uploads\/2022\/05\/sestre4-150x150.jpg\" class=\"attachment-thumbnail size-thumbnail\" alt=\"\" \/><\/a>\n\t\t\t<\/div><\/figure>\n\t\t<\/div>\n\n<p>Tim povodom SUZRS- Udru\u017eenje zdravstvenih radnika \u0106uprija nagradilo je srebrnim znakom najbolje medicinske sestre i tehni\u010dare<\/p>\n<p>1.mt.Peri\u0107 S.Milan OB \u0106uprija slu\u017eba anestezije,2.vms.Tamaru Jovanovi\u0107 OB \u0106uprija slu\u017eba neurologije ,3.ms.Isailovi\u0107 Anu OB\u00a0 \u0106uprija slu\u017eba pedijatrije,4.vms.Jelenu Petkovi\u0107 OB \u0106uprija slu\u017eba ginekologije,5.sms.Dejana Milutinovi\u0107a OB \u0106uprija slu\u017eba ortopedije,6.ms.Draganu Milosavljevi\u0107 OB \u0106uprija slu\u017eba urologije,7.mt.Zdravkovi\u0107 Neboj\u0161u DZ \u0106uprija,8.lab.teh.Sti\u0161i\u0107 Ivanu\u00a0 ZZJZ \u0106uprija 9.Mr med.sci Ma\u0161u Ili\u0107 Mari\u0107 OB \u0106uprija slu\u017eba ginekologije<\/p>\n<p>Medicinske sestre kao nosioci zdravstvene nege , pru\u017eaju\u00a0 veliki doprinos zdravstvenom sistemu i imaju\u00a0 klju\u010dni zna\u010daj u kreiranju zdravstvene politike.<\/p>\n<p>Profesionalnost, dobra organizovanost, posve\u0107enost, znanje, empatija, spremnost da se iskustvo prenosi na mla\u0111e kolege, ali i svest o odgovornosti koju nosi briga i staranje za ljudski \u017eivot osnovni su zahtevi ovog zanimanja.<\/p>\n<p>Va\u017eno je shvatiti da sestre imaju vode\u0107e i rukovode\u0107e uloge u zdravstvenim sistemima u svetu. Naro\u010dito tamo gde postoji zna\u010dajan deficit radne snage, sestre mogu da budu najvi\u0161i profesionalci u lokalnoj zajednici i\u00a0 budu odgovorne za upravljnje i koordinisanje svakodnevnim aspektima zdravstvene nege.<\/p>\n<p>Preporuke ICN-a odnose se na uklju\u010divanje medicinskih sestara u politiku zdravstvenog sektora kako bi se na taj na\u010din vr\u0161io uticaj na radno okru\u017eenje sestara .<\/p>\n<p>Ne smemo i ne\u0107emo dozvoliti da u\u010de\u0161\u0107e medicinskih sestara u borbi sa Korona virusom ostane nedovoljno prime\u0107eno i priznato. Medicinske sestre su dale neprocenjiv doprinos rizikuju\u0107i svoje \u017eivote, rade\u0107i pod te\u0161kim oklolnostima, nesebi\u010dno se bore\u0107i za svaki ljudski \u017eivot.<\/p>\n<p>Postoji nada\u00a0 za\u00a0 vreme bez epidemije\u00a0 u kome svi zajedno treba da nastojimo da\u00a0 sestrinstvo\u00a0 dobije svoje\u00a0 mesto .Ovo je na\u0161 trenutak u kome\u00a0 snagom jedinstva i upornosti\u00a0 treba da istrajemo u\u00a0 pokretanju promena koje \u0107e sestrinstvo svrstati\u00a0 me\u0111u su\u0161tinski zna\u010dajne\u00a0 profesije u sistemu zdravstvene za\u0161tite.<\/p>\n<p>Posve\u0107enost i predanost poslu, koju su medicinske sestre ulagale tokom kovid pandemije, \u010desto ostaju neprepoznate i zaslu\u017euju mnogo vi\u0161e od aplauza: vi\u0161e ulaganja, ve\u0107u podr\u0161ku, siguran i dostojanstven rad, odgovaraju\u0107u nadoknadu za rad, vi\u0161e resursa i mogu\u0107nost da ravnopravno u\u010destvuju u dono\u0161enju odluka o sopstvenoj profesiji.<\/p>\n<p>I ovaj Me\u0111unarodni dan, medicinske sestre u Srbiji do\u010dekale su bez Zakona o sestrinstvu i babi\u010dkoj delatnosti o kojem se pri\u010da dugo godina unazad.<\/p>\n<p>Dokument bi\u00a0 regulisao\u00a0 sestrinsku profesiju \u2013 obrazovanje, kompetenciju, kvalitet u zdravstvenoj nezi, istra\u017eivanja u sestrinstvu i druga pitanja od interesa za profesiju sestara i babica.<\/p>\n<p>Posebnu pa\u017enju treba posvetiti standardima formalnog i neformalnog obrazovanja za medicinske sestre i babice u Srbiji. Obrazovanje je najmo\u0107nije oru\u017eje koje mo\u017eemo\u00a0 upotrebiti\u00a0 za kvalitetnu\u00a0 reformu\u00a0 sestrinstva.<\/p>\n<p>U danu kada se \u0161irom planete obele\u017eava Me\u0111unarodni dan medicinskih sestara, Me\u0111unarodno ve\u0107e sestara (ICN) procenjuje da \u0107e se u narednih 10 godina svaka \u0161esta medicinska sestra penzionisati, \u0161to zna\u010di da je potrebno \u0161kolovati 4,7 miliona ljudi za ovaj posao.<\/p>\n<p>\u017delim da verujem\u00a0 u obrazovanu budu\u0107nost\u00a0 u sestrinstvu .Ho\u0107emo i mo\u017eemo bolje,snagom re\u010di\u00a0 gde je saradnja svih nas jedini izbor uspeha ,premostimo razlike i udru\u017eimo se u borbi da na\u0161a profesija dobije zaslu\u017eeno\u00a0 mesto u zdravstvnom sistemu.<\/p>\n<p>\u201eKad spasi\u0161 jedan \u017eivot onda si heroj,kad spasi\u0161 stotine \u017eivota onda si medicinska sestra\u201d.<\/p>\n<p>Kolege sre\u0107an nam na\u0161 dan, dan medicinskih sestra.<\/p>\n<p>&nbsp;<\/p>\n<p>Predsednik<\/p>\n<p>Udru\u017eenja zdravstvenih radnika \u0106uprija<\/p>\n<p>Radoi\u010di\u0107 Danijela<\/p>\n<p>Master menad\u017eer u sitemu zdravstvene za\u0161tite<\/p>\n","protected":false},"excerpt":{"rendered":"<p>\u0106UPRIJA-U prepunoj sali amfiteatra Visoke medicinske \u0161kole u \u0106upriji\u00a0 sve\u010dano je\u00a0 obele\u017een 12.maj me\u0111unarodni dan medicinskih sestara,koji se tradicionalno proslavlja \u0161irom sveta u znak se\u0107anja &hellip; <\/p>\n","protected":false},"author":2,"featured_media":31299,"comment_status":"open","ping_status":"open","sticky":false,"template":"","format":"standard","meta":{"footnotes":""},"categories":[1515,28,1524,2,12],"tags":[5821],"_links":{"self":[{"href":"https:\/\/centralmedia.rs\/index.php\/wp-json\/wp\/v2\/posts\/31298"}],"collection":[{"href":"https:\/\/centralmedia.rs\/index.php\/wp-json\/wp\/v2\/posts"}],"about":[{"href":"https:\/\/centralmedia.rs\/index.php\/wp-json\/wp\/v2\/types\/post"}],"author":[{"embeddable":true,"href":"https:\/\/centralmedia.rs\/index.php\/wp-json\/wp\/v2\/users\/2"}],"replies":[{"embeddable":true,"href":"https:\/\/centralmedia.rs\/index.php\/wp-json\/wp\/v2\/comments?post=31298"}],"version-history":[{"count":1,"href":"https:\/\/centralmedia.rs\/index.php\/wp-json\/wp\/v2\/posts\/31298\/revisions"}],"predecessor-version":[{"id":31304,"href":"https:\/\/centralmedia.rs\/index.php\/wp-json\/wp\/v2\/posts\/31298\/revisions\/31304"}],"wp:featuredmedia":[{"embeddable":true,"href":"https:\/\/centralmedia.rs\/index.php\/wp-json\/wp\/v2\/media\/31299"}],"wp:attachment":[{"href":"https:\/\/centralmedia.rs\/index.php\/wp-json\/wp\/v2\/media?parent=31298"}],"wp:term":[{"taxonomy":"category","embeddable":true,"href":"https:\/\/centralmedia.rs\/index.php\/wp-json\/wp\/v2\/categories?post=31298"},{"taxonomy":"post_tag","embeddable":true,"href":"https:\/\/centralmedia.rs\/index.php\/wp-json\/wp\/v2\/tags?post=31298"}],"curies":[{"name":"wp","href":"https:\/\/api.w.org\/{rel}","templated":true}]}}