{"id":31305,"date":"2022-05-13T12:32:41","date_gmt":"2022-05-13T10:32:41","guid":{"rendered":"http:\/\/centralmedia.rs\/?p=31305"},"modified":"2022-05-15T17:04:24","modified_gmt":"2022-05-15T15:04:24","slug":"moc-muzeja","status":"publish","type":"post","link":"https:\/\/centralmedia.rs\/index.php\/2022\/05\/13\/moc-muzeja\/","title":{"rendered":"MO\u0106 MUZEJA"},"content":{"rendered":"<p>JAGODINA- Evropska no\u0107 muzeja u Galeriji Muzeja naivne i marginalne umetnosti u Jagodini, u subotu u 18 sati. Manifestacija MO\u0106 MUZEJA traje od 18 do 24 sata.<\/p>\n<div id='gallery-1' class='gallery galleryid-31305 gallery-columns-4 gallery-size-thumbnail'><figure class='gallery-item'>\n\t\t\t<div class='gallery-icon landscape'>\n\t\t\t\t<a href='https:\/\/centralmedia.rs\/index.php\/2022\/05\/13\/moc-muzeja\/noc-muzeja1-2\/'><img loading=\"lazy\" decoding=\"async\" width=\"150\" height=\"150\" src=\"https:\/\/centralmedia.rs\/wp-content\/uploads\/2022\/05\/no\u0107-muzeja1-150x150.jpg\" class=\"attachment-thumbnail size-thumbnail\" alt=\"\" \/><\/a>\n\t\t\t<\/div><\/figure><figure class='gallery-item'>\n\t\t\t<div class='gallery-icon portrait'>\n\t\t\t\t<a href='https:\/\/centralmedia.rs\/index.php\/2022\/05\/13\/moc-muzeja\/noc-muzeja2-3\/'><img loading=\"lazy\" decoding=\"async\" width=\"150\" height=\"150\" src=\"https:\/\/centralmedia.rs\/wp-content\/uploads\/2022\/05\/no\u0107-muzeja2-150x150.jpg\" class=\"attachment-thumbnail size-thumbnail\" alt=\"\" \/><\/a>\n\t\t\t<\/div><\/figure><figure class='gallery-item'>\n\t\t\t<div class='gallery-icon portrait'>\n\t\t\t\t<a href='https:\/\/centralmedia.rs\/index.php\/2022\/05\/13\/moc-muzeja\/noc-muzeja3\/'><img loading=\"lazy\" decoding=\"async\" width=\"150\" height=\"150\" src=\"https:\/\/centralmedia.rs\/wp-content\/uploads\/2022\/05\/no\u0107-muzeja3-150x150.jpg\" class=\"attachment-thumbnail size-thumbnail\" alt=\"\" \/><\/a>\n\t\t\t<\/div><\/figure><figure class='gallery-item'>\n\t\t\t<div class='gallery-icon portrait'>\n\t\t\t\t<a href='https:\/\/centralmedia.rs\/index.php\/2022\/05\/13\/moc-muzeja\/noc-muzeja-2\/'><img loading=\"lazy\" decoding=\"async\" width=\"150\" height=\"150\" src=\"https:\/\/centralmedia.rs\/wp-content\/uploads\/2022\/05\/no\u0107-muzeja-150x150.jpg\" class=\"attachment-thumbnail size-thumbnail\" alt=\"\" \/><\/a>\n\t\t\t<\/div><\/figure>\n\t\t<\/div>\n\n<p>EVROPSKA NO\u0106 MUZEJA<\/p>\n<p>od 18h<\/p>\n<p>SUSRETI: Zil Milano \u2013 Goran Stoj\u010detovi\u0107 &#8211; interaktivni susret sa umetnicima<\/p>\n<p>MNMU Biblioteka \u2013 prezentacija izdanja i biblioteke MNMU<\/p>\n<p>18-19h<\/p>\n<p>Mo\u0107 vizije &#8211; nekonvencionalna umetnost &#8211; stru\u010dno vo\u0111enje po stalnoj postavci<\/p>\n<p>19-21h<\/p>\n<p>ANIMUZA &#8211; kreativna radionica animacije<\/p>\n<p>Za ovu priliku Muzej organizuje prevoz zainteresovanih posetilaca iz Beograda. Polazak iz Beograda je zakazan za 16h, dok je povratak iz Jagodine u 21h, uz mogu\u0107nost promene satnice povratka za 22h. Prijave na adresu info@mnmu.rs. Prevoz je besplatan.<\/p>\n<p>&nbsp;<\/p>\n","protected":false},"excerpt":{"rendered":"<p>JAGODINA- Evropska no\u0107 muzeja u Galeriji Muzeja naivne i marginalne umetnosti u Jagodini, u subotu u 18 sati. Manifestacija MO\u0106 MUZEJA traje od 18 do &hellip; <\/p>\n","protected":false},"author":2,"featured_media":31306,"comment_status":"open","ping_status":"open","sticky":false,"template":"","format":"standard","meta":{"footnotes":""},"categories":[1524,2,5643,1514,15,887,12],"tags":[58,5749,5822],"_links":{"self":[{"href":"https:\/\/centralmedia.rs\/index.php\/wp-json\/wp\/v2\/posts\/31305"}],"collection":[{"href":"https:\/\/centralmedia.rs\/index.php\/wp-json\/wp\/v2\/posts"}],"about":[{"href":"https:\/\/centralmedia.rs\/index.php\/wp-json\/wp\/v2\/types\/post"}],"author":[{"embeddable":true,"href":"https:\/\/centralmedia.rs\/index.php\/wp-json\/wp\/v2\/users\/2"}],"replies":[{"embeddable":true,"href":"https:\/\/centralmedia.rs\/index.php\/wp-json\/wp\/v2\/comments?post=31305"}],"version-history":[{"count":3,"href":"https:\/\/centralmedia.rs\/index.php\/wp-json\/wp\/v2\/posts\/31305\/revisions"}],"predecessor-version":[{"id":31312,"href":"https:\/\/centralmedia.rs\/index.php\/wp-json\/wp\/v2\/posts\/31305\/revisions\/31312"}],"wp:featuredmedia":[{"embeddable":true,"href":"https:\/\/centralmedia.rs\/index.php\/wp-json\/wp\/v2\/media\/31306"}],"wp:attachment":[{"href":"https:\/\/centralmedia.rs\/index.php\/wp-json\/wp\/v2\/media?parent=31305"}],"wp:term":[{"taxonomy":"category","embeddable":true,"href":"https:\/\/centralmedia.rs\/index.php\/wp-json\/wp\/v2\/categories?post=31305"},{"taxonomy":"post_tag","embeddable":true,"href":"https:\/\/centralmedia.rs\/index.php\/wp-json\/wp\/v2\/tags?post=31305"}],"curies":[{"name":"wp","href":"https:\/\/api.w.org\/{rel}","templated":true}]}}