{"id":31329,"date":"2022-05-16T12:23:15","date_gmt":"2022-05-16T10:23:15","guid":{"rendered":"http:\/\/centralmedia.rs\/?p=31329"},"modified":"2022-05-19T15:27:33","modified_gmt":"2022-05-19T13:27:33","slug":"palma-vucicu-nije-lako-pozivam-sve-politicke-partije-na-jedinstvo-oko-drzavnih-i-nacionalnih-pitanja","status":"publish","type":"post","link":"https:\/\/centralmedia.rs\/index.php\/2022\/05\/16\/palma-vucicu-nije-lako-pozivam-sve-politicke-partije-na-jedinstvo-oko-drzavnih-i-nacionalnih-pitanja\/","title":{"rendered":"PALMA : VU\u010cI\u0106U NIJE LAKO, POZIVAM SVE POLITI\u010cKE PARTIJE NA JEDINSTVO OKO DR\u017dAVNIH I NACIONALNIH PITANJA"},"content":{"rendered":"<p>\u201cPredsedniku Srbije Aleksandru Vu\u010di\u0107u nije lako, imaju\u0107i u vidu svakodnevne pritiske zbog rusko \u2013 ukrajinske krize, da uradi ne\u0161to \u0161to, ne da nisu principi Srbije, ve\u0107 to ne dozvoljava ni Ustav Srbije. Ja \u017eelim i da pozovem sve politi\u010dke partije u Srbiji da budemo jedinstveni oko dr\u017eavnog i nacionalnog pitanja i da poka\u017eemo celom svetu da smo jedinstveni oko najva\u017enijih pitanja za dr\u017eavu Srbiju i njene gra\u0111ane\u201d, izjavio je danas predsednik Jedinstvene Srbije i Skup\u0161tine grada Jagodine Dragan Markovi\u0107 Palma na konferenciji za novinare u Jagodini, organizovanoj povodom odlaska 700 &#8211; \u010dlane delegacije iz Jagodine u Gr\u010dku.<\/p>\n<p><img loading=\"lazy\" decoding=\"async\" class=\"alignnone wp-image-31330 size-large\" src=\"http:\/\/centralmedia.rs\/wp-content\/uploads\/2022\/05\/palma-1024x631.jpg\" alt=\"\" width=\"640\" height=\"394\" srcset=\"https:\/\/centralmedia.rs\/wp-content\/uploads\/2022\/05\/palma-1024x631.jpg 1024w, https:\/\/centralmedia.rs\/wp-content\/uploads\/2022\/05\/palma-300x185.jpg 300w, https:\/\/centralmedia.rs\/wp-content\/uploads\/2022\/05\/palma-768x473.jpg 768w, https:\/\/centralmedia.rs\/wp-content\/uploads\/2022\/05\/palma-682x420.jpg 682w, https:\/\/centralmedia.rs\/wp-content\/uploads\/2022\/05\/palma-640x394.jpg 640w, https:\/\/centralmedia.rs\/wp-content\/uploads\/2022\/05\/palma-681x420.jpg 681w, https:\/\/centralmedia.rs\/wp-content\/uploads\/2022\/05\/palma.jpg 1600w\" sizes=\"(max-width: 640px) 100vw, 640px\" \/><\/p>\n<p>POLITI\u010cARI U CRNOJ GORI I HRVATSKOJ NEKA SU UGLEDAJU NA SVOJE GRA\u0110ANE KOJI SU PODR\u017dALI SRBIJU NA EVROVIZIJI<\/p>\n<p>&nbsp;<\/p>\n<p>\u201c\u017delim da se zahvalim \u017eiriju i gra\u0111anima Crne Gore, Hrvatske i Severne Makedonije \u0161to su podr\u017eali Srbiju na Evroviziji. Ne\u0107u komentarisati pesmu koju je izvela na\u0161a Ana \u0110uri\u0107 Konstrakta, ali ona je predstavljala Srbiju. Moja poruka politi\u010darima u Crnoj Gori i Hrvatskoj je da se ugledaju na svoje gra\u0111ane i na njihove medije, da \u017eelim da sara\u0111ujemo i da podr\u017eimo jedni druge. Crna Gora i Hrvatska su Srbiji dali maksimalnih 12 poena na Evroviziji. Tako\u0111e \u017eelim da pozovem politi\u010dare u Crnoj Gori i Hrvatskoj da ne napadaju vi\u0161e Srbiju zato \u0161to Srbija u ekonomskom smislu ima br\u017ei napredak od njih i da gra\u0111ani Crne Gore i Hrvatske apeluju na svoje politi\u010dare da sara\u0111uju sa kom\u0161ijama jer imamo iste i zajedni\u010dke interese, a to su razvoj ekonomije, bolji \u017eivot svih gra\u0111ana i mir na Balkanu\u201d, izjavio je Markovi\u0107.<\/p>\n<p>&nbsp;<\/p>\n<p>PALMA VODI U GR\u010cKU DELEGACIJU OD 700 LJUDI<\/p>\n<p>&nbsp;<\/p>\n<p>U Skup\u0161tini grada Jagodine danas je organizovana konferencija za novinare povodom odlaska delegacije od 700 ljudi, u organizaciji grada Jagodine, a o tro\u0161ku donatora od 20. do 24. maja u gr\u010dko letovali\u0161te Paraliju. \u201cU delegaciji je 700 ljudi i to iz Javnog komunalnog preduze\u0107a \u201cStandard\u201d iz Jagodine, iz kompanjje \u201cPor Verner i Veber\u201d iz Jagodine, koja se tako\u0111e bavi \u010disto\u0107om grada, zatim zaposleni u Pred\u0161kolskoj ustanovi \u201cPionir\u201d u Jagodini, Centru za socijalni rad, Jagodinskom sportskom savezu, \u010dlanovi udru\u017eenja ribolovaca, p\u010delara, Roma, sve\u0161tenici Srpske pravoslavne crkve namesni\u0161tva Beli\u010dkog, gra\u0111ani iz svih gradskih i seoskih mesnih zajednica sa teritorije grada Jagodine, kao i politi\u010dko \u2013 privedni deo delegacije. Sve tro\u0161kove i ovog putovanja kao i svih do sada snose donatori, a jedan od donatora je i politi\u010dka partija \u010diji sam predsednik, Jedinstvena Srbija, od para koje dobija iz bud\u017eeta na osnovu 8 poslanika u parlamentu. Mi te pare ne koristimo za propagandni materijal, ve\u0107 vra\u0107amo onima koji taj bud\u017eet i pune. Mi na ovaj na\u010din nastavljamo svoje aktivnosti koje traju ve\u0107 15 godina i tako \u0107e biti i ubudu\u0107e. Ve\u0107 septembra \u0107emo voditi novu delegaciju u Paraliju u Gr\u010dku, a oktobra u Egipat, a samo pro\u0161le godine u godini kovida vodili smo 2000 ljudi iz cele Srbije u Gr\u010dku i Egipat\u00a0 a najbrojniji su bili lekari, medicinske sestre i tehni\u010dari i poljoprivrednici\u201d, kazao je Markovi\u0107 i dodao da je do sada u neke zemlje putovalo 50 000 gra\u0111ana Jagodine, u organizaciji svog grada, a o tro\u0161ku donatora.<\/p>\n","protected":false},"excerpt":{"rendered":"<p>\u201cPredsedniku Srbije Aleksandru Vu\u010di\u0107u nije lako, imaju\u0107i u vidu svakodnevne pritiske zbog rusko \u2013 ukrajinske krize, da uradi ne\u0161to \u0161to, ne da nisu principi Srbije, &hellip; <\/p>\n","protected":false},"author":2,"featured_media":31331,"comment_status":"open","ping_status":"open","sticky":false,"template":"","format":"standard","meta":{"footnotes":""},"categories":[1524,2,1514,5643,13,887,12],"tags":[5825,120,63],"_links":{"self":[{"href":"https:\/\/centralmedia.rs\/index.php\/wp-json\/wp\/v2\/posts\/31329"}],"collection":[{"href":"https:\/\/centralmedia.rs\/index.php\/wp-json\/wp\/v2\/posts"}],"about":[{"href":"https:\/\/centralmedia.rs\/index.php\/wp-json\/wp\/v2\/types\/post"}],"author":[{"embeddable":true,"href":"https:\/\/centralmedia.rs\/index.php\/wp-json\/wp\/v2\/users\/2"}],"replies":[{"embeddable":true,"href":"https:\/\/centralmedia.rs\/index.php\/wp-json\/wp\/v2\/comments?post=31329"}],"version-history":[{"count":1,"href":"https:\/\/centralmedia.rs\/index.php\/wp-json\/wp\/v2\/posts\/31329\/revisions"}],"predecessor-version":[{"id":31332,"href":"https:\/\/centralmedia.rs\/index.php\/wp-json\/wp\/v2\/posts\/31329\/revisions\/31332"}],"wp:featuredmedia":[{"embeddable":true,"href":"https:\/\/centralmedia.rs\/index.php\/wp-json\/wp\/v2\/media\/31331"}],"wp:attachment":[{"href":"https:\/\/centralmedia.rs\/index.php\/wp-json\/wp\/v2\/media?parent=31329"}],"wp:term":[{"taxonomy":"category","embeddable":true,"href":"https:\/\/centralmedia.rs\/index.php\/wp-json\/wp\/v2\/categories?post=31329"},{"taxonomy":"post_tag","embeddable":true,"href":"https:\/\/centralmedia.rs\/index.php\/wp-json\/wp\/v2\/tags?post=31329"}],"curies":[{"name":"wp","href":"https:\/\/api.w.org\/{rel}","templated":true}]}}