{"id":31350,"date":"2022-05-19T15:23:20","date_gmt":"2022-05-19T13:23:20","guid":{"rendered":"http:\/\/centralmedia.rs\/?p=31350"},"modified":"2022-05-26T19:19:23","modified_gmt":"2022-05-26T17:19:23","slug":"palma-mi-ni-koronu-ni-rat-u-ukrajini-ne-mozemo-da-zaustavimo-da-se-vratimo-mi-nasim-poslovima-i-ekonomiji-srbija-se-dobro-pripremila-za-svetsku-ekonomsku-krizu","status":"publish","type":"post","link":"https:\/\/centralmedia.rs\/index.php\/2022\/05\/19\/palma-mi-ni-koronu-ni-rat-u-ukrajini-ne-mozemo-da-zaustavimo-da-se-vratimo-mi-nasim-poslovima-i-ekonomiji-srbija-se-dobro-pripremila-za-svetsku-ekonomsku-krizu\/","title":{"rendered":"PALMA : MI NI KORONU NI RAT U UKRAJINI NE MO\u017dEMO DA ZAUSTAVIMO, DA SE VRATIMO MI NA\u0160IM POSLOVIMA I EKONOMIJI. SRBIJA SE DOBRO PRIPREMILA ZA SVETSKU EKONOMSKU KRIZU"},"content":{"rendered":"<p>\u201cImali smo problem sa koronom vi\u0161e od dve godine i samo smo pri\u010dali o tome, sada pri\u010damo samo o ratu izme\u0111u Rusije i Ukrajine, a mi ne mo\u017eemo da zaustavimo ni jedno ni drugo, a to zna\u010di da mi moramo da se vratimo na\u0161im redovnim poslovima, da radimo ono \u0161to smo radili i pre ovih doga\u0111aja. Srbija se u ovim svetskim nevoljama razlikuje od drugih dr\u017eava u pozitivnom smislu. Cene osnovnih \u017eivotnih namirnica u na\u0161oj zemji su ostale skoro iste i daleko manje su poskupeli ti proizvodi nego u ostalim evropskim dr\u017eavama, tako da mo\u017eemo da budemo ponosni kada ka\u017eemo da \u017eivimo u Srbiji. Danas se svi u Srbiji bave time ko \u0107e da bude ministar. Ministri \u0107e biti oni kojima poverenje bude dao predsednik Srbije Aleksandar Vu\u010di\u0107, a mi treba da radimo i da doprinosimo Srbiji. Ja sam u poslednjih 12 godina vi\u0161e radio za Srbiju bez ijedne funkcije nego 10 \u2013 ak ministara i ne samo da sam radio, ve\u0107 postoje i vidljivi rezultati. Vi znate da ja nikada ne dr\u017eim suve konferencije za novinare, ve\u0107 ho\u0107u fizi\u010dki da se vidi ono \u0161to radim ja, \u0161to radi Jedinstvena Srbija i Skup\u0161tina grada Jagodine\u201d, rekao je predsednik Jedinstvene Srbije Dragan Markovi\u0107 Palma u direktnom uklju\u010denju u program Hepi televizije iz Paralije, gde se nalazi na \u010delu na\u0161e delegacije u poseti tom gr\u010dkom gradu. \u201c Mi moramo u narednom periodu, a svetska ekonomska kriza \u0107e trajati jo\u0161 dve godine, da vidimo ono \u0161to je najva\u017enije za svaku porodicu i kako \u0107emo da \u017eivimo.<\/p>\n<p>\u201cImali smo problem sa koronom vi\u0161e od dve godine i samo smo pri\u010dali o tome, sada pri\u010damo samo o ratu izme\u0111u Rusije i Ukrajine, a mi ne mo\u017eemo da zaustavimo ni jedno ni drugo, a to zna\u010di da mi moramo da se vratimo na\u0161im redovnim poslovima, da radimo ono \u0161to smo radili i pre ovih doga\u0111aja. Srbija se u ovim svetskim nevoljama razlikuje od drugih dr\u017eava u pozitivnom smislu. Cene osnovnih \u017eivotnih namirnica u na\u0161oj zemji su ostale skoro iste i daleko manje su poskupeli ti proizvodi nego u ostalim evropskim dr\u017eavama, tako da mo\u017eemo da budemo ponosni kada ka\u017eemo da \u017eivimo u Srbiji. Danas se svi u Srbiji bave time ko \u0107e da bude ministar. Ministri \u0107e biti oni kojima poverenje bude dao predsednik Srbije Aleksandar Vu\u010di\u0107, a mi treba da radimo i da doprinosimo Srbiji. Ja sam u poslednjih 12 godina vi\u0161e radio za Srbiju bez ijedne funkcije nego 10 \u2013 ak ministara i ne samo da sam radio, ve\u0107 postoje i vidljivi rezultati. Vi znate da ja nikada ne dr\u017eim suve konferencije za novinare, ve\u0107 ho\u0107u fizi\u010dki da se vidi ono \u0161to radim ja, \u0161to radi Jedinstvena Srbija i Skup\u0161tina grada Jagodine\u201d, rekao je predsednik Jedinstvene Srbije Dragan Markovi\u0107 Palma u direktnom uklju\u010denju u program Hepi televizije iz Paralije, gde se nalazi na \u010delu na\u0161e delegacije u poseti tom gr\u010dkom gradu. \u201c Mi moramo u narednom periodu, a svetska ekonomska kriza \u0107e trajati jo\u0161 dve godine, da vidimo ono \u0161to je najva\u017enije za svaku porodicu i kako \u0107emo da \u017eivimo. Srbija se dobro pripremila da podnese svetsku ekonomsku krizu i sada je va\u017eno da odredimo prioritete, gde \u0107e da se tro\u0161e pare kada su u pitanju bud\u017eeti i republi\u010dki i lokalni, odnosno da ti prioriteti mogu da vrate novac, ako ne\u0161to ulo\u017eite, da se te pare vrate\u201d, rekao je Markovi\u0107 i dodao da u Paraliji ve\u0107 8 godina radi Kancelarija Jedinstvene Srbije koja, kako je rekao, se ne bavi politikom ve\u0107 je servis svim na\u0161im gra\u0111anima koji su na letovanju u Gr\u010dkoj, bez obzira na politi\u010dku, nacionalnu ili versku pripadnost.<\/p>\n<p>&nbsp;<\/p>\n<p>&nbsp;<\/p>\n<p>\u201cOd petka 20. maja do 24. maja u Paraliji \u0107e boraviti delegacija od 700 ljudi iz 9 gradova Srbije u kojoj su najbrojniji su Jagodinci, u organizaciji Skup\u0161tine grada Jagodine, a o tro\u0161ku donatora, a jedan od ve\u0107ih donatora je i Jedinstvena Srbija, od para koje kao parlamentarna politi\u010dka stranka dobijamo iz bud\u017eeta na osnovu 8 narodnih poslanika i te pare ne tro\u0161imo u izbornoj kampanji ve\u0107 kroz ova putovanja vra\u0107amo onima koji pune bud\u017eet. Mi ve\u0107 15 godina vodimo u Paraliju delegacije, od \u0111aka do penzionera, lekare, poljoprivrednike, vaspita\u010de, prosvetne i kulturne radnike, privrednike, samostalne zanatlije, radnike, sindikalce, sportiste i sve\u0161tenike Srpske pravoslavne crkve. U ovoj delegaciji su sa nama i radnici Javnog komunalnog preduze\u0107a \u201cStandard\u201d iz Jagodine, oni koji \u010diste ulice na\u0161eg grada i koji doprinose ispunjavanju ekolo\u0161kh standarda za ulazak u Evropsku uniju\u201d, rekao je Dragan Markovi\u0107 Palma.<\/p>\n<p>&nbsp;<\/p>\n<p>&nbsp;<\/p>\n<p>U PETAK U PARALIJI SRPSKA SVADBA<\/p>\n<p>&nbsp;<\/p>\n<p>\u201cU sada\u0161njoj delegaciji u poseti Paraliji imamo i dvoje mladih ljudi koji su u vezi ve\u0107 tri godine i oni su izrazili \u017eelju da se ven\u010daju u Paraliji. Sa nama su u Paraliji i mati\u010dari, pa \u0107emo sutra, u petak 20. maja, ovde u Paraliji imati pravu srpsku svadbu, sa \u0161atorom, sabornikom, vojvodom, deverom i srpskom muzikom, kao da smo u Srbiji iu po na\u0161im tradicionalnim obi\u010dajima\u201d, rekao je Markovi\u0107.<\/p>\n<p>\u201cOd petka 20. maja do 24. maja u Paraliji \u0107e boraviti delegacija od 700 ljudi iz 9 gradova Srbije u kojoj su najbrojniji su Jagodinci, u organizaciji Skup\u0161tine grada Jagodine, a o tro\u0161ku donatora, a jedan od ve\u0107ih donatora je i Jedinstvena Srbija, od para koje kao parlamentarna politi\u010dka stranka dobijamo iz bud\u017eeta na osnovu 8 narodnih poslanika i te pare ne tro\u0161imo u izbornoj kampanji ve\u0107 kroz ova putovanja vra\u0107amo onima koji pune bud\u017eet. Mi ve\u0107 15 godina vodimo u Paraliju delegacije, od \u0111aka do penzionera, lekare, poljoprivrednike, vaspita\u010de, prosvetne i kulturne radnike, privrednike, samostalne zanatlije, radnike, sindikalce, sportiste i sve\u0161tenike Srpske pravoslavne crkve. U ovoj delegaciji su sa nama i radnici Javnog komunalnog preduze\u0107a \u201cStandard\u201d iz Jagodine, oni koji \u010diste ulice na\u0161eg grada i koji doprinose ispunjavanju ekolo\u0161kh standarda za ulazak u Evropsku uniju\u201d, rekao je Dragan Markovi\u0107 Palma.<\/p>\n<p>U PETAK U PARALIJI SRPSKA SVADBA<\/p>\n<p>\u201cU sada\u0161njoj delegaciji u poseti Paraliji imamo i dvoje mladih ljudi koji su u vezi ve\u0107 tri godine i oni su izrazili \u017eelju da se ven\u010daju u Paraliji. Sa nama su u Paraliji i mati\u010dari, pa \u0107emo sutra, u petak 20. maja, ovde u Paraliji imati pravu srpsku svadbu, sa \u0161atorom, sabornikom, vojvodom, deverom i srpskom muzikom, kao da smo u Srbiji iu po na\u0161im tradicionalnim obi\u010dajima\u201d, rekao je Markovi\u0107.<\/p>\n","protected":false},"excerpt":{"rendered":"<p>\u201cImali smo problem sa koronom vi\u0161e od dve godine i samo smo pri\u010dali o tome, sada pri\u010damo samo o ratu izme\u0111u Rusije i Ukrajine, a &hellip; <\/p>\n","protected":false},"author":2,"featured_media":31351,"comment_status":"open","ping_status":"open","sticky":false,"template":"","format":"standard","meta":{"footnotes":""},"categories":[1524,2,5643,1514,13,887,12],"tags":[842,120,845,1112],"_links":{"self":[{"href":"https:\/\/centralmedia.rs\/index.php\/wp-json\/wp\/v2\/posts\/31350"}],"collection":[{"href":"https:\/\/centralmedia.rs\/index.php\/wp-json\/wp\/v2\/posts"}],"about":[{"href":"https:\/\/centralmedia.rs\/index.php\/wp-json\/wp\/v2\/types\/post"}],"author":[{"embeddable":true,"href":"https:\/\/centralmedia.rs\/index.php\/wp-json\/wp\/v2\/users\/2"}],"replies":[{"embeddable":true,"href":"https:\/\/centralmedia.rs\/index.php\/wp-json\/wp\/v2\/comments?post=31350"}],"version-history":[{"count":3,"href":"https:\/\/centralmedia.rs\/index.php\/wp-json\/wp\/v2\/posts\/31350\/revisions"}],"predecessor-version":[{"id":31354,"href":"https:\/\/centralmedia.rs\/index.php\/wp-json\/wp\/v2\/posts\/31350\/revisions\/31354"}],"wp:featuredmedia":[{"embeddable":true,"href":"https:\/\/centralmedia.rs\/index.php\/wp-json\/wp\/v2\/media\/31351"}],"wp:attachment":[{"href":"https:\/\/centralmedia.rs\/index.php\/wp-json\/wp\/v2\/media?parent=31350"}],"wp:term":[{"taxonomy":"category","embeddable":true,"href":"https:\/\/centralmedia.rs\/index.php\/wp-json\/wp\/v2\/categories?post=31350"},{"taxonomy":"post_tag","embeddable":true,"href":"https:\/\/centralmedia.rs\/index.php\/wp-json\/wp\/v2\/tags?post=31350"}],"curies":[{"name":"wp","href":"https:\/\/api.w.org\/{rel}","templated":true}]}}