{"id":31373,"date":"2022-05-20T01:42:54","date_gmt":"2022-05-19T23:42:54","guid":{"rendered":"http:\/\/centralmedia.rs\/?p=31373"},"modified":"2022-05-26T19:20:12","modified_gmt":"2022-05-26T17:20:12","slug":"profesori-fpnj-u-ceskoj-na-sastanku-prosvetara-iz-evrope","status":"publish","type":"post","link":"https:\/\/centralmedia.rs\/index.php\/2022\/05\/20\/profesori-fpnj-u-ceskoj-na-sastanku-prosvetara-iz-evrope\/","title":{"rendered":"PROFESORI FPNJ U \u010cE\u0160KOJ NA SASTANKU PROSVETARA IZ EVROPE"},"content":{"rendered":"<p>JAGODINA- Delegacija profesora Fakulteta pedago\u0161kih nauka u Jagodini u\u010destvovali su sastanku u\u010diteljskih i pedago\u0161kih fakulteta Evrope u okviru Symposion mre\u017ee na U\u010diteljskom fakultetu u Ostravi u \u010ce\u0161koj, 9. i 10. maja. Sastanku su prisustvovali predstavnici univerziteta iz Belgije, Francuske, Holandije, \u0160panije, Nema\u010dke, \u010ce\u0161ke, Austrije i Srbije.<\/p>\n<div id='gallery-1' class='gallery galleryid-31373 gallery-columns-3 gallery-size-thumbnail'><figure class='gallery-item'>\n\t\t\t<div class='gallery-icon landscape'>\n\t\t\t\t<a href='https:\/\/centralmedia.rs\/index.php\/2022\/05\/20\/profesori-fpnj-u-ceskoj-na-sastanku-prosvetara-iz-evrope\/ceska1\/'><img loading=\"lazy\" decoding=\"async\" width=\"150\" height=\"150\" src=\"https:\/\/centralmedia.rs\/wp-content\/uploads\/2022\/05\/ceska1-150x150.jpg\" class=\"attachment-thumbnail size-thumbnail\" alt=\"\" \/><\/a>\n\t\t\t<\/div><\/figure><figure class='gallery-item'>\n\t\t\t<div class='gallery-icon landscape'>\n\t\t\t\t<a href='https:\/\/centralmedia.rs\/index.php\/2022\/05\/20\/profesori-fpnj-u-ceskoj-na-sastanku-prosvetara-iz-evrope\/ceska2\/'><img loading=\"lazy\" decoding=\"async\" width=\"150\" height=\"150\" src=\"https:\/\/centralmedia.rs\/wp-content\/uploads\/2022\/05\/ceska2-150x150.jpg\" class=\"attachment-thumbnail size-thumbnail\" alt=\"\" \/><\/a>\n\t\t\t<\/div><\/figure><figure class='gallery-item'>\n\t\t\t<div class='gallery-icon landscape'>\n\t\t\t\t<a href='https:\/\/centralmedia.rs\/index.php\/2022\/05\/20\/profesori-fpnj-u-ceskoj-na-sastanku-prosvetara-iz-evrope\/ceska\/'><img loading=\"lazy\" decoding=\"async\" width=\"150\" height=\"150\" src=\"https:\/\/centralmedia.rs\/wp-content\/uploads\/2022\/05\/ceska-150x150.jpg\" class=\"attachment-thumbnail size-thumbnail\" alt=\"\" \/><\/a>\n\t\t\t<\/div><\/figure>\n\t\t<\/div>\n\n<p>Fakultet pedago\u0161kih nauka u Jagodini je jedina \u010dlanica Simposion (Symposion) mre\u017ee sa prostora Zapadnog Balkana, a u\u010destvovao je ovom skupu na kome su predstavljene nove inicijative za saradnju u sklopu Erazmus plus programa, kao i u okviru me\u0111uuniverzitetske me\u0111unarodne saradnje.<\/p>\n<p>Fakultet pedago\u0161kih nauka Univerziteta u Kragujevcu trenutno u\u010destvuje u EPTE (Europian Primary Teacher Education) programu u okviru Symposion mre\u017ee i priprema KA2 projekat sa Univerzitetom u Belgiji.<\/p>\n","protected":false},"excerpt":{"rendered":"<p>JAGODINA- Delegacija profesora Fakulteta pedago\u0161kih nauka u Jagodini u\u010destvovali su sastanku u\u010diteljskih i pedago\u0161kih fakulteta Evrope u okviru Symposion mre\u017ee na U\u010diteljskom fakultetu u Ostravi &hellip; <\/p>\n","protected":false},"author":2,"featured_media":31374,"comment_status":"open","ping_status":"open","sticky":false,"template":"","format":"standard","meta":{"footnotes":""},"categories":[14,1524,2,1514,5643,887,12],"tags":[5835,2531,5836],"_links":{"self":[{"href":"https:\/\/centralmedia.rs\/index.php\/wp-json\/wp\/v2\/posts\/31373"}],"collection":[{"href":"https:\/\/centralmedia.rs\/index.php\/wp-json\/wp\/v2\/posts"}],"about":[{"href":"https:\/\/centralmedia.rs\/index.php\/wp-json\/wp\/v2\/types\/post"}],"author":[{"embeddable":true,"href":"https:\/\/centralmedia.rs\/index.php\/wp-json\/wp\/v2\/users\/2"}],"replies":[{"embeddable":true,"href":"https:\/\/centralmedia.rs\/index.php\/wp-json\/wp\/v2\/comments?post=31373"}],"version-history":[{"count":1,"href":"https:\/\/centralmedia.rs\/index.php\/wp-json\/wp\/v2\/posts\/31373\/revisions"}],"predecessor-version":[{"id":31377,"href":"https:\/\/centralmedia.rs\/index.php\/wp-json\/wp\/v2\/posts\/31373\/revisions\/31377"}],"wp:featuredmedia":[{"embeddable":true,"href":"https:\/\/centralmedia.rs\/index.php\/wp-json\/wp\/v2\/media\/31374"}],"wp:attachment":[{"href":"https:\/\/centralmedia.rs\/index.php\/wp-json\/wp\/v2\/media?parent=31373"}],"wp:term":[{"taxonomy":"category","embeddable":true,"href":"https:\/\/centralmedia.rs\/index.php\/wp-json\/wp\/v2\/categories?post=31373"},{"taxonomy":"post_tag","embeddable":true,"href":"https:\/\/centralmedia.rs\/index.php\/wp-json\/wp\/v2\/tags?post=31373"}],"curies":[{"name":"wp","href":"https:\/\/api.w.org\/{rel}","templated":true}]}}