{"id":31378,"date":"2022-05-21T13:58:07","date_gmt":"2022-05-21T11:58:07","guid":{"rendered":"http:\/\/centralmedia.rs\/?p=31378"},"modified":"2022-05-26T19:20:20","modified_gmt":"2022-05-26T17:20:20","slug":"srpska-svadba-u-paraliji","status":"publish","type":"post","link":"https:\/\/centralmedia.rs\/index.php\/2022\/05\/21\/srpska-svadba-u-paraliji\/","title":{"rendered":"SRPSKA SVADBA U PARALIJI"},"content":{"rendered":"<p>U gr\u010dkom letovali\u0161tu Paralija, gde u organizaciji grada Jagodine, a o tro\u0161ku donatora i Jedinstvene Srbije, boravi 700 &#8211; \u010dlana srpska delegacija, na \u010delu sa predsednikom Jedinstvene Srbije, narodnim poslanikom i predsednikom Skup\u0161tine grada Jagodine Draganom Markovi\u0107em Palmom, organizovana je svadba po svim srpskim obi\u010dajima za mladence Filipa Jovi\u0107a i Minu Baji\u0107 iz Sevojna. Ovo dvoje mladih koji su \u010dlanovi srpske delegacije u Gr\u010dkoj izrazili su \u017eelju da stupe u brak i to podno Olimpa na Egejskom moru i ta \u017eelja im je ispunjena. Na srpskoj svadbi u Gr\u010dkoj bilo je 180 gostiju, a me\u0111u njima i Dragan Markovi\u0107 Palma i gradona\u010delnik gr\u010dkog grada Katerini, kome pripada Paralija, Konstantinos Koukodimos. Vlasnik hotela Aktaion, kada je \u010duo povod za organizovanje slavlja, dao je besplatno kako prostor tako i hranu i pi\u0107e. Po\u0161to su \u010dlanovi delegacije bili i mati\u010dari i orkestar, oni su ovom prilikom imali i ovaj neo\u010dekivani radni zadatak. Mladenci Filip Jovi\u0107 i Mina Baji\u0107 iz Sevojna izgovorili su sudbonosno DA u Gr\u010dkoj, a po svim pravilima i obi\u010dajima iz Srbije.<\/p>\n<div id='gallery-1' class='gallery galleryid-31378 gallery-columns-3 gallery-size-thumbnail'><figure class='gallery-item'>\n\t\t\t<div class='gallery-icon landscape'>\n\t\t\t\t<a href='https:\/\/centralmedia.rs\/index.php\/2022\/05\/21\/srpska-svadba-u-paraliji\/svadba1\/'><img loading=\"lazy\" decoding=\"async\" width=\"150\" height=\"150\" src=\"https:\/\/centralmedia.rs\/wp-content\/uploads\/2022\/05\/svadba1-150x150.jpg\" class=\"attachment-thumbnail size-thumbnail\" alt=\"\" \/><\/a>\n\t\t\t<\/div><\/figure><figure class='gallery-item'>\n\t\t\t<div class='gallery-icon landscape'>\n\t\t\t\t<a href='https:\/\/centralmedia.rs\/index.php\/2022\/05\/21\/srpska-svadba-u-paraliji\/svadba2\/'><img loading=\"lazy\" decoding=\"async\" width=\"150\" height=\"150\" src=\"https:\/\/centralmedia.rs\/wp-content\/uploads\/2022\/05\/svadba2-150x150.jpg\" class=\"attachment-thumbnail size-thumbnail\" alt=\"\" \/><\/a>\n\t\t\t<\/div><\/figure><figure class='gallery-item'>\n\t\t\t<div class='gallery-icon landscape'>\n\t\t\t\t<a href='https:\/\/centralmedia.rs\/index.php\/2022\/05\/21\/srpska-svadba-u-paraliji\/svadba\/'><img loading=\"lazy\" decoding=\"async\" width=\"150\" height=\"150\" src=\"https:\/\/centralmedia.rs\/wp-content\/uploads\/2022\/05\/svadba-150x150.jpg\" class=\"attachment-thumbnail size-thumbnail\" alt=\"\" \/><\/a>\n\t\t\t<\/div><\/figure>\n\t\t<\/div>\n\n<p>PALMA : NAJSVE\u010cANIJI DEO POSETE SRPSKE DELEGACIJE GR\u010cKOJ JE SRPSKA SVADBA<\/p>\n<p>\u201cPrvi put se desilo da je dvoje mladih ljudi izrazilo \u017eelju da se ven\u010daju i u\u0111u u brak i to u najlep\u0161oj destinaciji za srpske turiste na svetu &#8211; Gr\u010dkoj i Paraliji. Za mene je ovo veoma radostan dan, zato \u0161to se sve vreme borim protiv bele kuge i zato \u0161to ho\u0107u da se u Srbiji ra\u0111aju deca i da samo pri\u010damo o lepi stvarima. Ne \u017eelim da govorimo o koroni i o ratu izme\u0111u Rusije i Ukrajine\u201d rekao je Markovi\u0107 pozdravljaju\u0107i mladence i svatove dodav\u0161i da je ova svadba najsve\u010daniji trenutak srpske delegacije u Gr\u010dkoj. \u201cSvadbu smo organizovali po svim srpskim obi\u010dajima. Imamo mati\u010dare iz Srbije, starog svata, kuma, devera, sabornik. Ja \u017eelim mladom bra\u010dnom paru Filipu i Mini da ostanu dugo zajedno i da im porodica i roditelji budu sre\u0107ni. Izvinjavam se roditeljima mladenaca \u0161to nisu prisutni jer nisu znali, a nisam ni ja znao, da \u0107e se desiti taj sve\u010dani trenutak. Nekada su gra\u0111ani Srbije govorili da nemaju posla i da nema od \u010dega da \u017eive, pa je zato bilo i manje ven\u010danja, a danas je mnogo fabrika u Srbiji i bi\u0107e ih jo\u0161, posla ima, ima i ljubavi. Srbija je nasmejana zemlja i da nam se deca ra\u0111aju, da svaka porodica ima minimum troje dece\u201d, poru\u010dio je predsednik Jedinstvene Srbije. Markovi\u0107 se zahvalio donatorima koji su pomogli da 700 \u010dlanova delegacije iz sedam srpskih gradova poseti Paraliju i naglasio da se posebno zahvaljuje partiji \u010diji je predsednik koja je tako\u0111e donator, jer sav novac koji dobija na osnovu broja poslanika vra\u0107a gra\u0111anima koji i pune bud\u017eet. On je napomenuo da su samo pro\u0161le godine, u godini korone za vi\u0161e od dve hiljade ljudi organizovana putovanja u Egipat i Gr\u010dku. Svadbi mladog bra\u010dnog para iz Sevojna prisustvovao je i Konstantinos Kukidimos, gradona\u010delnik gr\u010dkog grada Katerini koji je svima iz srpske delegacije po\u017eeleo dobrodo\u0161licu, a mladencima puno sre\u0107e i uspeha. On je naglasio da je najzaslu\u017eniji za posete Gr\u010dkoj predsednik Jedinstvene Srbije Dragan Markovi\u0107 Palma i dodao da ga je upoznao pre dve godine da je u njemu stekao brata.<\/p>\n","protected":false},"excerpt":{"rendered":"<p>U gr\u010dkom letovali\u0161tu Paralija, gde u organizaciji grada Jagodine, a o tro\u0161ku donatora i Jedinstvene Srbije, boravi 700 &#8211; \u010dlana srpska delegacija, na \u010delu sa &hellip; <\/p>\n","protected":false},"author":2,"featured_media":31379,"comment_status":"open","ping_status":"open","sticky":false,"template":"","format":"standard","meta":{"footnotes":""},"categories":[14,1524,2,1514,5643,887,12],"tags":[842,120,845,5837],"_links":{"self":[{"href":"https:\/\/centralmedia.rs\/index.php\/wp-json\/wp\/v2\/posts\/31378"}],"collection":[{"href":"https:\/\/centralmedia.rs\/index.php\/wp-json\/wp\/v2\/posts"}],"about":[{"href":"https:\/\/centralmedia.rs\/index.php\/wp-json\/wp\/v2\/types\/post"}],"author":[{"embeddable":true,"href":"https:\/\/centralmedia.rs\/index.php\/wp-json\/wp\/v2\/users\/2"}],"replies":[{"embeddable":true,"href":"https:\/\/centralmedia.rs\/index.php\/wp-json\/wp\/v2\/comments?post=31378"}],"version-history":[{"count":1,"href":"https:\/\/centralmedia.rs\/index.php\/wp-json\/wp\/v2\/posts\/31378\/revisions"}],"predecessor-version":[{"id":31382,"href":"https:\/\/centralmedia.rs\/index.php\/wp-json\/wp\/v2\/posts\/31378\/revisions\/31382"}],"wp:featuredmedia":[{"embeddable":true,"href":"https:\/\/centralmedia.rs\/index.php\/wp-json\/wp\/v2\/media\/31379"}],"wp:attachment":[{"href":"https:\/\/centralmedia.rs\/index.php\/wp-json\/wp\/v2\/media?parent=31378"}],"wp:term":[{"taxonomy":"category","embeddable":true,"href":"https:\/\/centralmedia.rs\/index.php\/wp-json\/wp\/v2\/categories?post=31378"},{"taxonomy":"post_tag","embeddable":true,"href":"https:\/\/centralmedia.rs\/index.php\/wp-json\/wp\/v2\/tags?post=31378"}],"curies":[{"name":"wp","href":"https:\/\/api.w.org\/{rel}","templated":true}]}}