{"id":31386,"date":"2022-05-22T13:37:35","date_gmt":"2022-05-22T11:37:35","guid":{"rendered":"http:\/\/centralmedia.rs\/?p=31386"},"modified":"2022-05-26T19:20:39","modified_gmt":"2022-05-26T17:20:39","slug":"palma-na-slavu-i-na-more-se-ide-tamo-gde-vas-vole","status":"publish","type":"post","link":"https:\/\/centralmedia.rs\/index.php\/2022\/05\/22\/palma-na-slavu-i-na-more-se-ide-tamo-gde-vas-vole\/","title":{"rendered":"PALMA : NA SLAVU I NA MORE SE IDE TAMO GDE VAS VOLE"},"content":{"rendered":"<p>U jednom od najpoznatijih gr\u010dkih letovali\u0161ta Paraliji, Kancelarija Jedinstvene Srbije po\u010dela je sa radom svoju osmu sezonu. Ovogodi\u0161njem otvaranju prisustvovalo je vi\u0161e od 2000 ljudi, uglavnom srpskih turista i \u010dlanova delegacije koji su do\u0161li iz Srbije. Predsednik Jedinstvene Srbije Dragan Markovi\u0107 Palma rekao je ovom prilikom da je Kancelarija Jedinstvene Srbije sigurna ku\u0107a za sve srpske turiste u Gr\u010dkoj. Komentaru\u0161u\u0107i poziv gradona\u010delnika grada Katerini da bude gost na njegovoj slavi zajedno sa svim \u010dlanovima delegacije, Markovi\u0107 je rekao da se na slavu i na more ide tamo gde vas vole. \u201cOvo je osma godina kako radi Kanecelarija Jedinstvene Srbije u Paraliji i njena namena nije politi\u010dka, ve\u0107 je to sigurna ku\u0107a za sve gra\u0111ane Srbije koji letuju u Gr\u010dkoj, bez obzira na nacionalnu, versku ili politi\u010dku pripadnost. Mnogo smo problema re\u0161ili na\u0161im ljudima za sve ove godine, da ne nabrajam koji su to sve bili problemi i su\u0161tina je da, kada neko od na\u0161ih gra\u0111ana nai\u0111e na neki problem, obrati se Kancelariji Jedinstvene Srbije i problem je re\u0161en za najdalje sat vremena\u201d, rekao je Markovi\u0107. \u201cZa mene Gr\u010dka nije druga dr\u017eava, teritorijalno da, ali za mene je Gr\u010dka druga ku\u0107a i \u017eelim da svi zajedno sa ovog mesta pozdravimo premijera Gr\u010dke Kirijakosa Micotakisa, velikog prijatelja\u00a0 Srbije, \u010diji je otac, biv\u0161i premijer Gr\u010dke Konstantinos Micotakis tako\u0111e bio veliki prijatelj na\u0161e zemlje i kada nam je bilo najte\u017ee, kod ratova u Republici Srpskoj Krajini i Republici Srpskoj, otac dana\u0161njeg premijera Gr\u010dke je pru\u017eio podr\u0161ku Srbiji i mnogo je porodica Micotakis zadu\u017eila na\u0161u dr\u017eavu\u201d, poru\u010dio je Markovi\u0107 uz gromoglasan aplauz prisutnih. \u201cMoja poruka gra\u0111anima Srbije je da kada idu na more da idu tamo gde nas vole i po\u0161tuju. Jedan broj na\u0161ih gra\u0111ana letuje u nekim drugim dr\u017eavama i to je sva\u010dije individualno pravo, ali mnogi na\u0161i gra\u0111ani nai\u0111u na razna maltretiranja u nekim dr\u017eavama, a na slavu i na more se ide tamo gde vas vole i gde mi njih volimo\u201d kazao je predsednik Jedinstvene Srbije. \u201cVi znate da se ja kao politi\u010dar nikada nisam \u017ealio ve\u0107 uvek re\u0161avam probleme. Gra\u0111ani treba da se \u017eale, a ne politi\u010dari, a politi\u010dari koje su gra\u0111ani birali treba im poma\u017eu. Sada u Srbiji mnogi se pitaju ko \u0107e biti ministar u novoj Vladi Srbije, znate koliko me briga ko \u0107e biti ministar\u2026 Neka bude ministar onaj ko je sposoban i ko \u0107e da radi u interesu gra\u0111ana i dr\u017eave Srbije\u201d rekao je Markovi\u0107 i zahvalio se patrijarhu srpskom Porfiriju na porukama. \u201cSa nama u 700 \u2013 \u010dlanoj delegaciji u poseti Gr\u010dkoj su i sve\u0161tenici Srpske pravoslavne crkve. Ja se zahvaljujem Srpskoj pravoslavnoj crkvi\u00a0 na\u0161em patrijarhu Porifiriju, koji je uvek zajedno sa narodom i \u0161ta god da se de\u0161ava u svetu poruke patrijarha Porfirija nam mnogo zna\u010de i zna\u010di nam to \u0161to nas ne deli na jedne, druge ili tre\u0107e. Vi znate da smo moja porodica i ja ktitori Hrama Svetog Jovana Krstitelja u Kon\u010darevu. Tada su mi rekli i da slika ktitora mo\u017ee biti na fresci, a ja sam na to odgovorio da politi\u010darima nije mesto na freskama, nego svecima, freske su ve\u010dne, a politi\u010dari prolazni. Ja sam poseti ove srpske delegacije Paraliji obavestio i predsednika Srbije Aleksandra Vu\u010di\u0107a koga uvek informi\u0161em gde idemo, \u0161ta radimo i koje su na\u0161e poruke. Predsednik mi je poru\u010dio \u201c\u017div bio, sre\u0107no bilo\u201d. Prenosim vam poruke i predsednika SPS i predsednika Skup\u0161tine Srbije Ivice Da\u010di\u0107a koji je pozdravio ovu delegaciju i sve vas i po\u017eelo uspeh u radu\u201d, rekao je Markovi\u0107.<\/p>\n<div id='gallery-1' class='gallery galleryid-31386 gallery-columns-3 gallery-size-thumbnail'><figure class='gallery-item'>\n\t\t\t<div class='gallery-icon landscape'>\n\t\t\t\t<a href='https:\/\/centralmedia.rs\/index.php\/2022\/05\/22\/palma-na-slavu-i-na-more-se-ide-tamo-gde-vas-vole\/kancelarija-js1\/'><img loading=\"lazy\" decoding=\"async\" width=\"150\" height=\"150\" src=\"https:\/\/centralmedia.rs\/wp-content\/uploads\/2022\/05\/kancelarija-js1-150x150.jpg\" class=\"attachment-thumbnail size-thumbnail\" alt=\"\" \/><\/a>\n\t\t\t<\/div><\/figure><figure class='gallery-item'>\n\t\t\t<div class='gallery-icon landscape'>\n\t\t\t\t<a href='https:\/\/centralmedia.rs\/index.php\/2022\/05\/22\/palma-na-slavu-i-na-more-se-ide-tamo-gde-vas-vole\/kancelarija-js2\/'><img loading=\"lazy\" decoding=\"async\" width=\"150\" height=\"150\" src=\"https:\/\/centralmedia.rs\/wp-content\/uploads\/2022\/05\/kancelarija-js2-150x150.jpg\" class=\"attachment-thumbnail size-thumbnail\" alt=\"\" \/><\/a>\n\t\t\t<\/div><\/figure><figure class='gallery-item'>\n\t\t\t<div class='gallery-icon landscape'>\n\t\t\t\t<a href='https:\/\/centralmedia.rs\/index.php\/2022\/05\/22\/palma-na-slavu-i-na-more-se-ide-tamo-gde-vas-vole\/kncelarija-js3\/'><img loading=\"lazy\" decoding=\"async\" width=\"150\" height=\"150\" src=\"https:\/\/centralmedia.rs\/wp-content\/uploads\/2022\/05\/kncelarija-js3-150x150.jpg\" class=\"attachment-thumbnail size-thumbnail\" alt=\"\" \/><\/a>\n\t\t\t<\/div><\/figure>\n\t\t<\/div>\n\n<p>GRK PALMI : GR\u010cKA ZA VAS NIJE INOSTRANSTVO<\/p>\n<p>&nbsp;<\/p>\n<p>Otvaranju Kancelarije Jednstvene Srbije u Paraliji prisustvovao je i zamenik gradona\u010delnika Katerini, Jorgos Kirijakidis. \u201cGospodine Markovi\u0107u, kada dolazite u Paraliju vi ne dolazite u instranstvo, vi dolazite u va\u0161u drugu dr\u017eavu i hvala vam \u0161to gradite mostove saradnje izme\u0111u dve dr\u017eave i dva naroda\u201d, rekao je Kirijakidis i saop\u0161tio da gradona\u010delnik Katerini Konstantinos Kuokodimos nije mogao da prisustvuje ovom doga\u0111aju jer slavi slavu. Otvaranju Kancelarije Jedinstvene Srbije u Paraliji prisustvovali su i funkcioneri i narodni poslanici Jedinstvene Srbije i SPS.<\/p>\n","protected":false},"excerpt":{"rendered":"<p>U jednom od najpoznatijih gr\u010dkih letovali\u0161ta Paraliji, Kancelarija Jedinstvene Srbije po\u010dela je sa radom svoju osmu sezonu. Ovogodi\u0161njem otvaranju prisustvovalo je vi\u0161e od 2000 ljudi, &hellip; <\/p>\n","protected":false},"author":2,"featured_media":31387,"comment_status":"open","ping_status":"open","sticky":false,"template":"","format":"standard","meta":{"footnotes":""},"categories":[1524,2,5643,1514,13,887,12],"tags":[846,120,845],"_links":{"self":[{"href":"https:\/\/centralmedia.rs\/index.php\/wp-json\/wp\/v2\/posts\/31386"}],"collection":[{"href":"https:\/\/centralmedia.rs\/index.php\/wp-json\/wp\/v2\/posts"}],"about":[{"href":"https:\/\/centralmedia.rs\/index.php\/wp-json\/wp\/v2\/types\/post"}],"author":[{"embeddable":true,"href":"https:\/\/centralmedia.rs\/index.php\/wp-json\/wp\/v2\/users\/2"}],"replies":[{"embeddable":true,"href":"https:\/\/centralmedia.rs\/index.php\/wp-json\/wp\/v2\/comments?post=31386"}],"version-history":[{"count":1,"href":"https:\/\/centralmedia.rs\/index.php\/wp-json\/wp\/v2\/posts\/31386\/revisions"}],"predecessor-version":[{"id":31391,"href":"https:\/\/centralmedia.rs\/index.php\/wp-json\/wp\/v2\/posts\/31386\/revisions\/31391"}],"wp:featuredmedia":[{"embeddable":true,"href":"https:\/\/centralmedia.rs\/index.php\/wp-json\/wp\/v2\/media\/31387"}],"wp:attachment":[{"href":"https:\/\/centralmedia.rs\/index.php\/wp-json\/wp\/v2\/media?parent=31386"}],"wp:term":[{"taxonomy":"category","embeddable":true,"href":"https:\/\/centralmedia.rs\/index.php\/wp-json\/wp\/v2\/categories?post=31386"},{"taxonomy":"post_tag","embeddable":true,"href":"https:\/\/centralmedia.rs\/index.php\/wp-json\/wp\/v2\/tags?post=31386"}],"curies":[{"name":"wp","href":"https:\/\/api.w.org\/{rel}","templated":true}]}}