{"id":3139,"date":"2016-05-16T17:11:31","date_gmt":"2016-05-16T17:11:31","guid":{"rendered":"http:\/\/centralmedia.rs\/?p=3139"},"modified":"2016-05-16T17:11:31","modified_gmt":"2016-05-16T17:11:31","slug":"pobuna-u-fabrici-kablova-posle-radnika-direktori-protiv-vucurevica","status":"publish","type":"post","link":"https:\/\/centralmedia.rs\/index.php\/2016\/05\/16\/pobuna-u-fabrici-kablova-posle-radnika-direktori-protiv-vucurevica\/","title":{"rendered":"POBUNA U FABRICI KABLOVA-POSLE RADNIKA I DIREKTORI PROTIV VU\u010cUREVI\u0106A"},"content":{"rendered":"<p>JAGODINA-Posle radnika, danas je sedmoro direktora najve\u0107ih celina Fabrike kablova potpisalo inicijativu za smenu generalnog direktrora Ratka Vu\u010durovi\u0107a. Oni su pozvali Vu\u010durovi\u0107a da momentalo podnese ostavku na funkciju generalnog direktora i naveli da je ,,nemoralno da takva li\u010dnost nastavi sa kreiranjem re\u0161enja za opstanak i budu\u0107i rad fabrike\u201c. Navode\u0107i razloge oni su istakli da je ,,iskazano ogromno nepoverenje zaposlenih\u201c.<a href=\"https:\/\/centralmedia.rs\/wp-content\/uploads\/2016\/01\/jagodina_kablovi.jpg\"><img loading=\"lazy\" decoding=\"async\" src=\"https:\/\/centralmedia.rs\/wp-content\/uploads\/2016\/01\/jagodina_kablovi-300x225.jpg\" alt=\"OLYMPUS DIGITAL CAMERA\" width=\"300\" height=\"225\" class=\"alignnone size-medium wp-image-1993\" srcset=\"https:\/\/centralmedia.rs\/wp-content\/uploads\/2016\/01\/jagodina_kablovi-300x225.jpg 300w, https:\/\/centralmedia.rs\/wp-content\/uploads\/2016\/01\/jagodina_kablovi-768x576.jpg 768w, https:\/\/centralmedia.rs\/wp-content\/uploads\/2016\/01\/jagodina_kablovi-80x60.jpg 80w, https:\/\/centralmedia.rs\/wp-content\/uploads\/2016\/01\/jagodina_kablovi-265x198.jpg 265w, https:\/\/centralmedia.rs\/wp-content\/uploads\/2016\/01\/jagodina_kablovi.jpg 900w\" sizes=\"(max-width: 300px) 100vw, 300px\" \/><\/a><br \/>\n\t-Vrlo lo\u0161a saradnja sa najbli\u017eim saradnicima i omalova\u017eavanje svih zaposlenih. Samovoljnog odlu\u010divanja o najva\u017enijim pitanjima poslovanja i vlasni\u010dke transformacije, \u010dime doveo fabriku u sada\u0161nji nezavidan polo\u017eaj. Neblagovremenog preduzimanja aktivnosti i direktnog ko\u010denja vlasni\u010dke transformacije. Ispunjenja oba uslova za penziju, ka\u017ee u obrazlo\u017eenju razloga u inicijativi za smenu.<br \/>\nOko 250 radnika tog preduze\u0107a pro\u0161le nedelje su na sastanku sa predsednikom Skup\u0161tine grada Draganom Markovi\u0107em Palmom zahtevali smenu Vu\u010durovi\u0107a. Prema re\u010dima biv\u0161eg izvr\u0161nog direktora Slavka Vuj\u010di\u0107a, direktori su posle potpisivanja te inicijative smenjeni sa funkcija i poslati na pla\u0107eno odsustvo. On je potvrdio da su za sredu potpisnici inicijative pozvani na sastanak u Ministarstvo privrede, te da \u0107e tamo obrazlo\u017eiti svoju inicijativu.<a href=\"https:\/\/centralmedia.rs\/wp-content\/uploads\/2016\/01\/kablovi-jagodina-g.j.jpg\"><img loading=\"lazy\" decoding=\"async\" src=\"https:\/\/centralmedia.rs\/wp-content\/uploads\/2016\/01\/kablovi-jagodina-g.j-300x225.jpg\" alt=\"kablovi-jagodina-g.j\" width=\"300\" height=\"225\" class=\"alignnone size-medium wp-image-1952\" srcset=\"https:\/\/centralmedia.rs\/wp-content\/uploads\/2016\/01\/kablovi-jagodina-g.j-300x225.jpg 300w, https:\/\/centralmedia.rs\/wp-content\/uploads\/2016\/01\/kablovi-jagodina-g.j-768x576.jpg 768w, https:\/\/centralmedia.rs\/wp-content\/uploads\/2016\/01\/kablovi-jagodina-g.j-80x60.jpg 80w, https:\/\/centralmedia.rs\/wp-content\/uploads\/2016\/01\/kablovi-jagodina-g.j-265x198.jpg 265w, https:\/\/centralmedia.rs\/wp-content\/uploads\/2016\/01\/kablovi-jagodina-g.j.jpg 900w\" sizes=\"(max-width: 300px) 100vw, 300px\" \/><\/a><br \/>\nIna\u010de u inicijativi za smenu Vu\u010duruvi\u0107a se kostatuje da se oko 1.000 radnika izjasnilo za prihvatanje socijalnog programa i dobrovoljni odlazak iz te fabrike, \u0161to je 90 odsto od ukupnog broja zaposlenih.<br \/>\n-Ovako masovno izja\u0161njavanje radnika, uklju\u010duju\u0107i najodgovornije rukovodioce celina, smatramo izrazom ogromnog nepoverenja prema generalnom direktoru i politici koju je vodio u upravljanju i rukovo\u0111enju fabrikom, zaklju\u010duje se u inivcijativi.<a href=\"https:\/\/centralmedia.rs\/wp-content\/uploads\/2016\/01\/kablovi-1-jagodina-g.j.jpg\"><img loading=\"lazy\" decoding=\"async\" src=\"https:\/\/centralmedia.rs\/wp-content\/uploads\/2016\/01\/kablovi-1-jagodina-g.j-300x195.jpg\" alt=\"kablovi 1-jagodina-g.j\" width=\"300\" height=\"195\" class=\"alignnone size-medium wp-image-1953\" srcset=\"https:\/\/centralmedia.rs\/wp-content\/uploads\/2016\/01\/kablovi-1-jagodina-g.j-300x195.jpg 300w, https:\/\/centralmedia.rs\/wp-content\/uploads\/2016\/01\/kablovi-1-jagodina-g.j-768x498.jpg 768w, https:\/\/centralmedia.rs\/wp-content\/uploads\/2016\/01\/kablovi-1-jagodina-g.j.jpg 900w\" sizes=\"(max-width: 300px) 100vw, 300px\" \/><\/a><br \/>\nSindikati se nisu izja\u0161njavali o ovoj temi.<\/p>\n","protected":false},"excerpt":{"rendered":"<p>JAGODINA-Posle radnika, danas je sedmoro direktora najve\u0107ih celina Fabrike kablova potpisalo inicijativu za smenu generalnog direktrora Ratka Vu\u010durovi\u0107a. Oni su pozvali Vu\u010durovi\u0107a da momentalo podnese &hellip; <\/p>\n","protected":false},"author":4,"featured_media":3140,"comment_status":"open","ping_status":"open","sticky":false,"template":"","format":"standard","meta":{"footnotes":""},"categories":[22,2,12],"tags":[368,58,811],"_links":{"self":[{"href":"https:\/\/centralmedia.rs\/index.php\/wp-json\/wp\/v2\/posts\/3139"}],"collection":[{"href":"https:\/\/centralmedia.rs\/index.php\/wp-json\/wp\/v2\/posts"}],"about":[{"href":"https:\/\/centralmedia.rs\/index.php\/wp-json\/wp\/v2\/types\/post"}],"author":[{"embeddable":true,"href":"https:\/\/centralmedia.rs\/index.php\/wp-json\/wp\/v2\/users\/4"}],"replies":[{"embeddable":true,"href":"https:\/\/centralmedia.rs\/index.php\/wp-json\/wp\/v2\/comments?post=3139"}],"version-history":[{"count":0,"href":"https:\/\/centralmedia.rs\/index.php\/wp-json\/wp\/v2\/posts\/3139\/revisions"}],"wp:featuredmedia":[{"embeddable":true,"href":"https:\/\/centralmedia.rs\/index.php\/wp-json\/wp\/v2\/media\/3140"}],"wp:attachment":[{"href":"https:\/\/centralmedia.rs\/index.php\/wp-json\/wp\/v2\/media?parent=3139"}],"wp:term":[{"taxonomy":"category","embeddable":true,"href":"https:\/\/centralmedia.rs\/index.php\/wp-json\/wp\/v2\/categories?post=3139"},{"taxonomy":"post_tag","embeddable":true,"href":"https:\/\/centralmedia.rs\/index.php\/wp-json\/wp\/v2\/tags?post=3139"}],"curies":[{"name":"wp","href":"https:\/\/api.w.org\/{rel}","templated":true}]}}