{"id":31399,"date":"2022-05-23T19:34:45","date_gmt":"2022-05-23T17:34:45","guid":{"rendered":"http:\/\/centralmedia.rs\/?p=31399"},"modified":"2022-05-26T19:20:58","modified_gmt":"2022-05-26T17:20:58","slug":"palmi-u-paraliji-urucen-orden-zvezda-grada-katerini-u-septembru-ce-glavna-ulica-u-paraliji-poneti-ime-dragana-markovica-palme","status":"publish","type":"post","link":"https:\/\/centralmedia.rs\/index.php\/2022\/05\/23\/palmi-u-paraliji-urucen-orden-zvezda-grada-katerini-u-septembru-ce-glavna-ulica-u-paraliji-poneti-ime-dragana-markovica-palme\/","title":{"rendered":"PALMI U PARALIJI URU\u010cEN ORDEN ZVEZDA GRADA KATERINI, U SEPTEMBRU \u0106E GLAVNA ULICA U PARALIJI PONETI IME DRAGANA MARKOVI\u0106A PALME"},"content":{"rendered":"<p>U Paraliji je prire\u0111ena sve\u010dana ve\u010dera za delegaciju iz Srbije koja broji 700 \u010dlanova, a na \u010dijem \u010delu je predsednik Jedinstvene Srbije i Skup\u0161tine grada Jagodine Dragan Markovi\u0107 Palma. Sredstva za boravak delegacije i sve\u010dane ve\u010dere obezbe\u0111ena su od donatora a najve\u0107i donator je politi\u010dka partija Jedinstvena Srbija od para koje je dobila kao parlamentarna stranka koja ima 8 poslanika u Skup\u0161tini Republike Srbije. Sve\u010danoj ve\u010deri, pored \u010dlanova na\u0161e delegacije, prisustvovao je i gradona\u010delnik grada Katerini, Konstantinos Kuokodimos, sa saradnicima, kao i gr\u010dki privrednici, najpoznatiji hotelijeri iz gr\u010dke regije Pierija. Gradona\u010delnik Kuokodimos je funkcioner vladaju\u0107e gr\u010dke partije Nea Demokratia premijera Kirijakosa Micotakisa i poznati je gr\u010dki sportista, koji je na Evropskom prvenstvu 1994. godine osvojio bronzanu medalju u skoku u dalj, sa skokom od 8,36 m. Kuokodimos je ovom prilikom Draganu Markovi\u0107u Palmi uru\u010dio Orden Zvezda grada Katerini. \u201cZa sve \u0161to ste u\u010dinili za razvoj gr\u010dko \u2013 srpskih odnosa na bratskom, ekonomskom, politi\u010dkom i turisti\u010dkom planu, ja Vam u ime grada Katerini uru\u010dujem Orden Zvezda grada Katerini. Mi smo doneli odluku i da od septembra ove godine glavna ulica u Paraliji ponese Va\u0161e ime\u201d, rekao je Kuokodimos. Dragan Markovi\u0107 Palma je i po\u010dasni gra\u0111anin Katerini i po\u010dasni konzul Gr\u010dke u Srbiji.<\/p>\n<div id='gallery-1' class='gallery galleryid-31399 gallery-columns-4 gallery-size-thumbnail'><figure class='gallery-item'>\n\t\t\t<div class='gallery-icon landscape'>\n\t\t\t\t<a href='https:\/\/centralmedia.rs\/index.php\/2022\/05\/23\/palmi-u-paraliji-urucen-orden-zvezda-grada-katerini-u-septembru-ce-glavna-ulica-u-paraliji-poneti-ime-dragana-markovica-palme\/zvezda3\/'><img loading=\"lazy\" decoding=\"async\" width=\"150\" height=\"150\" src=\"https:\/\/centralmedia.rs\/wp-content\/uploads\/2022\/05\/zvezda3-150x150.jpg\" class=\"attachment-thumbnail size-thumbnail\" alt=\"\" \/><\/a>\n\t\t\t<\/div><\/figure><figure class='gallery-item'>\n\t\t\t<div class='gallery-icon portrait'>\n\t\t\t\t<a href='https:\/\/centralmedia.rs\/index.php\/2022\/05\/23\/palmi-u-paraliji-urucen-orden-zvezda-grada-katerini-u-septembru-ce-glavna-ulica-u-paraliji-poneti-ime-dragana-markovica-palme\/zvezda2\/'><img loading=\"lazy\" decoding=\"async\" width=\"150\" height=\"150\" src=\"https:\/\/centralmedia.rs\/wp-content\/uploads\/2022\/05\/zvezda2-150x150.jpg\" class=\"attachment-thumbnail size-thumbnail\" alt=\"\" \/><\/a>\n\t\t\t<\/div><\/figure><figure class='gallery-item'>\n\t\t\t<div class='gallery-icon landscape'>\n\t\t\t\t<a href='https:\/\/centralmedia.rs\/index.php\/2022\/05\/23\/palmi-u-paraliji-urucen-orden-zvezda-grada-katerini-u-septembru-ce-glavna-ulica-u-paraliji-poneti-ime-dragana-markovica-palme\/zvezda\/'><img loading=\"lazy\" decoding=\"async\" width=\"150\" height=\"150\" src=\"https:\/\/centralmedia.rs\/wp-content\/uploads\/2022\/05\/zvezda-150x150.jpg\" class=\"attachment-thumbnail size-thumbnail\" alt=\"\" \/><\/a>\n\t\t\t<\/div><\/figure><figure class='gallery-item'>\n\t\t\t<div class='gallery-icon landscape'>\n\t\t\t\t<a href='https:\/\/centralmedia.rs\/index.php\/2022\/05\/23\/palmi-u-paraliji-urucen-orden-zvezda-grada-katerini-u-septembru-ce-glavna-ulica-u-paraliji-poneti-ime-dragana-markovica-palme\/zvezda1\/'><img loading=\"lazy\" decoding=\"async\" width=\"150\" height=\"150\" src=\"https:\/\/centralmedia.rs\/wp-content\/uploads\/2022\/05\/zvezda1-150x150.jpg\" class=\"attachment-thumbnail size-thumbnail\" alt=\"\" \/><\/a>\n\t\t\t<\/div><\/figure>\n\t\t<\/div>\n\n<p>&nbsp;<\/p>\n<p>PALMA : SRBIJA TREBA DA IDE SVOJIM PUTEM KAO I DO SADA<\/p>\n<p>\u201cU ovoj delegaciji je ukupno 700 ljudi iz deset gradova Srbije, a najvi\u0161e je jagodinaca. U\u00a0 organizaciji Skup\u0161tine grada Jagodine, a o tro\u0161ku donatora, u vi\u0161e dr\u017eava smo do sada ukupno vodili 50 000 jagodinaca. Gr\u010dka je najbolja destinacija za srpske turiste. Gr\u010dka je raj za letovanje i ja sam obi\u010dan \u010dovek, jedem giros kao i vi i ne idem na neka rajska ostrva kao neki. Moja poruka svima je da \u0161to manje gledate programe na televiziji koji se odnose na rat izme\u0111u Rusije i Ukrajine. Neka oni rade \u0161ta god \u017eele, a Srbija treba da ide svojim putem kao i do sada, da ja\u010damo ekonomski i da nam se deca ra\u0111aju i mi ne \u017eelimo nikome na svetu da do\u017eivi ono \u0161to smo mi do\u017eiveli 1999. godine\u201d, rekao je Markovi\u0107. Na sve\u010danoj ve\u010deri prire\u0111enoj za srpsku delegaciju svirao je orkestar Vladana Alempijevi\u0107a poja\u010dan poznatim violinistima Pe\u0111om i Elvisom, a pevala je Jovana Tip\u0161in i to bez honorara. Uz obalu Egejskog mora razvilo se i srpsko kolo.<\/p>\n","protected":false},"excerpt":{"rendered":"<p>U Paraliji je prire\u0111ena sve\u010dana ve\u010dera za delegaciju iz Srbije koja broji 700 \u010dlanova, a na \u010dijem \u010delu je predsednik Jedinstvene Srbije i Skup\u0161tine grada &hellip; <\/p>\n","protected":false},"author":2,"featured_media":31400,"comment_status":"open","ping_status":"open","sticky":false,"template":"","format":"standard","meta":{"footnotes":""},"categories":[1524,2,5643,1514,13,887,12],"tags":[4246,120,845,3983,2101],"_links":{"self":[{"href":"https:\/\/centralmedia.rs\/index.php\/wp-json\/wp\/v2\/posts\/31399"}],"collection":[{"href":"https:\/\/centralmedia.rs\/index.php\/wp-json\/wp\/v2\/posts"}],"about":[{"href":"https:\/\/centralmedia.rs\/index.php\/wp-json\/wp\/v2\/types\/post"}],"author":[{"embeddable":true,"href":"https:\/\/centralmedia.rs\/index.php\/wp-json\/wp\/v2\/users\/2"}],"replies":[{"embeddable":true,"href":"https:\/\/centralmedia.rs\/index.php\/wp-json\/wp\/v2\/comments?post=31399"}],"version-history":[{"count":2,"href":"https:\/\/centralmedia.rs\/index.php\/wp-json\/wp\/v2\/posts\/31399\/revisions"}],"predecessor-version":[{"id":31405,"href":"https:\/\/centralmedia.rs\/index.php\/wp-json\/wp\/v2\/posts\/31399\/revisions\/31405"}],"wp:featuredmedia":[{"embeddable":true,"href":"https:\/\/centralmedia.rs\/index.php\/wp-json\/wp\/v2\/media\/31400"}],"wp:attachment":[{"href":"https:\/\/centralmedia.rs\/index.php\/wp-json\/wp\/v2\/media?parent=31399"}],"wp:term":[{"taxonomy":"category","embeddable":true,"href":"https:\/\/centralmedia.rs\/index.php\/wp-json\/wp\/v2\/categories?post=31399"},{"taxonomy":"post_tag","embeddable":true,"href":"https:\/\/centralmedia.rs\/index.php\/wp-json\/wp\/v2\/tags?post=31399"}],"curies":[{"name":"wp","href":"https:\/\/api.w.org\/{rel}","templated":true}]}}