{"id":3145,"date":"2016-05-17T13:22:15","date_gmt":"2016-05-17T13:22:15","guid":{"rendered":"http:\/\/centralmedia.rs\/?p=3145"},"modified":"2017-01-20T02:15:49","modified_gmt":"2017-01-20T02:15:49","slug":"odbornici-sds-presli-u-sns-u-rekovcu-sns-formirao-vlast-sa-glasom-vise","status":"publish","type":"post","link":"https:\/\/centralmedia.rs\/index.php\/2016\/05\/17\/odbornici-sds-presli-u-sns-u-rekovcu-sns-formirao-vlast-sa-glasom-vise\/","title":{"rendered":"ODBORNICI SDS PRE\u0160LI U SNS &#8211; U REKOVCU SNS FORMIRAO VLAST SA GLASOM VI\u0160E"},"content":{"rendered":"<p>REKOVAC-SNS je u Rekovcu sa 17 odbornika formirao novu vlast na dana\u0161njoj konstitutivnoj sednici SO, dok su u opoziciji ostali SPS-11, JS-3 i DS-2. Novi predsednik SO Rekovac je Dragi\u0161a Tomi\u0107-SNS, a zamenik Milan Ra\u0161i\u0107-SNS. Koplja oko formiranja vlasti u Rekovcu lomila su od zavr\u0161etka izbora, a SPS i SNS poku\u0161avali su privuku ve\u0107inu odbornika na svoju stranu. SNS je na kraju uspeo da okupi ve\u0107inu od 33 odbornika, a priklju\u010dili su im se 4 odbornika SDS, 2- GG Leva\u010d Lev\u010du i Aleksandra Jovi\u010di\u010d iz JS, dok su, posle verifikacije mandata iz sale iza\u0161li SPS,JS i DS.<\/p>\n<figure id=\"attachment_3147\" aria-describedby=\"caption-attachment-3147\" style=\"width: 300px\" class=\"wp-caption alignnone\"><a href=\"https:\/\/centralmedia.rs\/wp-content\/uploads\/2016\/05\/aleksandra-jovicic-rekovac-f.b..jpg\"><img loading=\"lazy\" decoding=\"async\" class=\"size-medium wp-image-3147\" src=\"https:\/\/centralmedia.rs\/wp-content\/uploads\/2016\/05\/aleksandra-jovicic-rekovac-f.b.-300x225.jpg\" alt=\"Aleksandra Jovi\u010di\u0107\" width=\"300\" height=\"225\" srcset=\"https:\/\/centralmedia.rs\/wp-content\/uploads\/2016\/05\/aleksandra-jovicic-rekovac-f.b.-300x225.jpg 300w, https:\/\/centralmedia.rs\/wp-content\/uploads\/2016\/05\/aleksandra-jovicic-rekovac-f.b.-768x576.jpg 768w, https:\/\/centralmedia.rs\/wp-content\/uploads\/2016\/05\/aleksandra-jovicic-rekovac-f.b.-80x60.jpg 80w, https:\/\/centralmedia.rs\/wp-content\/uploads\/2016\/05\/aleksandra-jovicic-rekovac-f.b.-265x198.jpg 265w, https:\/\/centralmedia.rs\/wp-content\/uploads\/2016\/05\/aleksandra-jovicic-rekovac-f.b..jpg 960w\" sizes=\"(max-width: 300px) 100vw, 300px\" \/><\/a><figcaption id=\"caption-attachment-3147\" class=\"wp-caption-text\">Aleksandra Jovi\u010di\u0107<\/figcaption><\/figure>\n<p>Upravo je odbornica JS dala svoj glas za skup\u0161tinsku ve\u0107inu SNS, a kako nezvani\u010dno saznajemo ona je potpisala pristupnicu za tu stranku, kao i dva odbornika GG Leva\u010d.<br \/>\n-Imamo dogovor sa SNS da 4 odbornika SDS pre\u0111u u tu partiju,ali jo\u0161 uvek nismo to i fakti\u010dki uradili. SDS nema kandidate funkcije u lokalnoj vlasti, rekao je nosilac liste SDS dr Dragan Prodanovi\u0107, biv\u0161i predsednik te op\u0161tine.<\/p>\n<figure id=\"attachment_3148\" aria-describedby=\"caption-attachment-3148\" style=\"width: 300px\" class=\"wp-caption alignnone\"><a href=\"https:\/\/centralmedia.rs\/wp-content\/uploads\/2016\/05\/dr-dragan-prodanovic-rekovac-g.j..jpg\"><img loading=\"lazy\" decoding=\"async\" class=\"size-medium wp-image-3148\" src=\"https:\/\/centralmedia.rs\/wp-content\/uploads\/2016\/05\/dr-dragan-prodanovic-rekovac-g.j.-300x225.jpg\" alt=\"dr Dragan Prodanovi\u0107\" width=\"300\" height=\"225\" srcset=\"https:\/\/centralmedia.rs\/wp-content\/uploads\/2016\/05\/dr-dragan-prodanovic-rekovac-g.j.-300x225.jpg 300w, https:\/\/centralmedia.rs\/wp-content\/uploads\/2016\/05\/dr-dragan-prodanovic-rekovac-g.j.-768x576.jpg 768w, https:\/\/centralmedia.rs\/wp-content\/uploads\/2016\/05\/dr-dragan-prodanovic-rekovac-g.j.-80x60.jpg 80w, https:\/\/centralmedia.rs\/wp-content\/uploads\/2016\/05\/dr-dragan-prodanovic-rekovac-g.j.-265x198.jpg 265w, https:\/\/centralmedia.rs\/wp-content\/uploads\/2016\/05\/dr-dragan-prodanovic-rekovac-g.j..jpg 900w\" sizes=\"(max-width: 300px) 100vw, 300px\" \/><\/a><figcaption id=\"caption-attachment-3148\" class=\"wp-caption-text\">dr Dragan Prodanovi\u0107<\/figcaption><\/figure>\n<p>Centrala SDS je zabranila koaliciju sa SNS na lokanom nivou i zbog toga su odbornici \u017eele da se u\u010dlane u SNS, a razmatra se i da ceo odbor SDS u Rekovcu pre\u0111e u tu stranku.<br \/>\n-Iz centrala smo dobili nare\u0111enje da se povu\u010demo sa konstitutivne sednice SO. Aleksandra Jovi\u010di\u0107 je ostala i dala glas za formiranje ve\u0107ine. Ne znamo da li je ovakva skup\u0161tina legitimna, na kraju gra\u0111ani nisu glasali za ovu vlast, a nova vlast rezultat prelaska odbornika. Ne znam da li \u0107emo podneti tu\u017ebe zbog ovakvog scenarija, rekao je predsednik loklanog JS Goran \u0110or\u0111evi\u0107.<br \/>\nPre desetak dana JS je potpisala sporazum sa SNS, SDS I GG Leva\u010d o formiranju vlasti. Me\u0111utim, posle nedelju dana odluka je promenjena i pristupilo se formiranju koalicije sa SPS i DS, ali o\u010digledno to nisu prihvatili svi odbornici JS.<br \/>\nZa 18 sati najavljen je nastavak konstitutivne sednice SO i izbora predsednika op\u0161tine, njegovog zamenika i \u010dlanova ve\u0107a. Kandidati su iz SNS dr Pavle Mijajlovi\u0107 i Miroslav Stevanovski.<\/p>\n<p>&nbsp;<\/p>\n<p><strong><em>Pozitivni primeri Razglednica iz Rekovca \u2013 Projekat se realizuje uz pomo\u0107 sredstava iz bud\u017eeta Op\u0161tine Rekovac.<\/em><\/strong><\/p>\n","protected":false},"excerpt":{"rendered":"<p>REKOVAC-SNS je u Rekovcu sa 17 odbornika formirao novu vlast na dana\u0161njoj konstitutivnoj sednici SO, dok su u opoziciji ostali SPS-11, JS-3 i DS-2. Novi &hellip; <\/p>\n","protected":false},"author":4,"featured_media":3146,"comment_status":"open","ping_status":"open","sticky":false,"template":"","format":"standard","meta":{"footnotes":""},"categories":[1524,2,1516,13,887,12],"tags":[702,704,812,441,407,136],"_links":{"self":[{"href":"https:\/\/centralmedia.rs\/index.php\/wp-json\/wp\/v2\/posts\/3145"}],"collection":[{"href":"https:\/\/centralmedia.rs\/index.php\/wp-json\/wp\/v2\/posts"}],"about":[{"href":"https:\/\/centralmedia.rs\/index.php\/wp-json\/wp\/v2\/types\/post"}],"author":[{"embeddable":true,"href":"https:\/\/centralmedia.rs\/index.php\/wp-json\/wp\/v2\/users\/4"}],"replies":[{"embeddable":true,"href":"https:\/\/centralmedia.rs\/index.php\/wp-json\/wp\/v2\/comments?post=3145"}],"version-history":[{"count":0,"href":"https:\/\/centralmedia.rs\/index.php\/wp-json\/wp\/v2\/posts\/3145\/revisions"}],"wp:featuredmedia":[{"embeddable":true,"href":"https:\/\/centralmedia.rs\/index.php\/wp-json\/wp\/v2\/media\/3146"}],"wp:attachment":[{"href":"https:\/\/centralmedia.rs\/index.php\/wp-json\/wp\/v2\/media?parent=3145"}],"wp:term":[{"taxonomy":"category","embeddable":true,"href":"https:\/\/centralmedia.rs\/index.php\/wp-json\/wp\/v2\/categories?post=3145"},{"taxonomy":"post_tag","embeddable":true,"href":"https:\/\/centralmedia.rs\/index.php\/wp-json\/wp\/v2\/tags?post=3145"}],"curies":[{"name":"wp","href":"https:\/\/api.w.org\/{rel}","templated":true}]}}