{"id":3154,"date":"2016-05-19T19:03:28","date_gmt":"2016-05-19T19:03:28","guid":{"rendered":"http:\/\/centralmedia.rs\/?p=3154"},"modified":"2017-01-20T02:13:36","modified_gmt":"2017-01-20T02:13:36","slug":"knjiga-paracinskog-fotografa-zapisi-iz-crne-vode","status":"publish","type":"post","link":"https:\/\/centralmedia.rs\/index.php\/2016\/05\/19\/knjiga-paracinskog-fotografa-zapisi-iz-crne-vode\/","title":{"rendered":"KNJIGA PARA\u0106INSKOG FOTOGRAFA &#8211; ZAPISI IZ CRNE VODE"},"content":{"rendered":"<p>PARA\u0106IN-U gradskoj biblioteci Dr. Vi\u0107entije Raki\u0107 u Para\u0107inu odrzana je izlo\u017eba dokumentarnih fotografija poplave koja je zadesila taj grad u maju 2014 godine i promocija knjige ,,Zapisi iz Crne Vode\u201d fotografa Bojana Petrovi\u0107a.<\/p>\n<figure id=\"attachment_3155\" aria-describedby=\"caption-attachment-3155\" style=\"width: 300px\" class=\"wp-caption alignnone\"><a href=\"https:\/\/centralmedia.rs\/wp-content\/uploads\/2016\/05\/bokac-1.jpg\"><img loading=\"lazy\" decoding=\"async\" class=\"size-medium wp-image-3155\" src=\"https:\/\/centralmedia.rs\/wp-content\/uploads\/2016\/05\/bokac-1-300x225.jpg\" alt=\"Bojan Petrovi\u0107 Bokac\" width=\"300\" height=\"225\" srcset=\"https:\/\/centralmedia.rs\/wp-content\/uploads\/2016\/05\/bokac-1-300x225.jpg 300w, https:\/\/centralmedia.rs\/wp-content\/uploads\/2016\/05\/bokac-1-768x576.jpg 768w, https:\/\/centralmedia.rs\/wp-content\/uploads\/2016\/05\/bokac-1-80x60.jpg 80w, https:\/\/centralmedia.rs\/wp-content\/uploads\/2016\/05\/bokac-1-265x198.jpg 265w, https:\/\/centralmedia.rs\/wp-content\/uploads\/2016\/05\/bokac-1.jpg 960w\" sizes=\"(max-width: 300px) 100vw, 300px\" \/><\/a><figcaption id=\"caption-attachment-3155\" class=\"wp-caption-text\">Bojan Petrovi\u0107 Bokac<\/figcaption><\/figure>\n<p>Na izlo\u017ebi je prikazano 55 fotogarfija Para\u0107ina koje su tih dana obi\u0161le svet, a od 2.500 snimaka nastala je knjiga odabranih fotografija koje najvernije oslikavaju malog, hrabrog \u010doveka i njegovu veliku borbu sa prirodom. <a href=\"https:\/\/centralmedia.rs\/wp-content\/uploads\/2016\/05\/bokac.jpg\"><img loading=\"lazy\" decoding=\"async\" class=\"alignnone size-medium wp-image-3157\" src=\"https:\/\/centralmedia.rs\/wp-content\/uploads\/2016\/05\/bokac-300x225.jpg\" alt=\"bokac\" width=\"300\" height=\"225\" srcset=\"https:\/\/centralmedia.rs\/wp-content\/uploads\/2016\/05\/bokac-300x225.jpg 300w, https:\/\/centralmedia.rs\/wp-content\/uploads\/2016\/05\/bokac-768x576.jpg 768w, https:\/\/centralmedia.rs\/wp-content\/uploads\/2016\/05\/bokac-80x60.jpg 80w, https:\/\/centralmedia.rs\/wp-content\/uploads\/2016\/05\/bokac-265x198.jpg 265w, https:\/\/centralmedia.rs\/wp-content\/uploads\/2016\/05\/bokac.jpg 960w\" sizes=\"(max-width: 300px) 100vw, 300px\" \/><\/a><br \/>\n-Knjiga sadr\u017ei fotografije koje su nastale od 15 do 18 maja 2014 godine, u vreme velike poplave u Para\u0107inu. Pored dokumentarnih fotografija, knjiga ima cilj da nas opomene da se sa vi\u0161e pa\u017enje ophodimo prema sredini u kojoj \u017eivimo, a cilj knjige je da se ne zaborave heroji poplave, rekao je Petrovi\u0107.<a href=\"https:\/\/centralmedia.rs\/wp-content\/uploads\/2016\/05\/bokac-2.jpg\"><img loading=\"lazy\" decoding=\"async\" class=\"alignnone size-medium wp-image-3158\" src=\"https:\/\/centralmedia.rs\/wp-content\/uploads\/2016\/05\/bokac-2-300x200.jpg\" alt=\"bokac 2\" width=\"300\" height=\"200\" srcset=\"https:\/\/centralmedia.rs\/wp-content\/uploads\/2016\/05\/bokac-2-300x200.jpg 300w, https:\/\/centralmedia.rs\/wp-content\/uploads\/2016\/05\/bokac-2-768x512.jpg 768w, https:\/\/centralmedia.rs\/wp-content\/uploads\/2016\/05\/bokac-2.jpg 850w\" sizes=\"(max-width: 300px) 100vw, 300px\" \/><\/a><br \/>\nVeliki broj Para\u0107inaca u\u010destvovao je u stvaranju ove knjige, dok je knjiga ve\u0107im delom finansirana sredstvima Op\u0161tine Para\u0107in. Posetiocima izlo\u017ebe besplatno je uru\u010deno 180 primeraka knjige.<a href=\"https:\/\/centralmedia.rs\/wp-content\/uploads\/2016\/05\/bokac-3.jpg\"><img loading=\"lazy\" decoding=\"async\" class=\"alignnone size-medium wp-image-3159\" src=\"https:\/\/centralmedia.rs\/wp-content\/uploads\/2016\/05\/bokac-3-300x200.jpg\" alt=\"bokac 3\" width=\"300\" height=\"200\" srcset=\"https:\/\/centralmedia.rs\/wp-content\/uploads\/2016\/05\/bokac-3-300x200.jpg 300w, https:\/\/centralmedia.rs\/wp-content\/uploads\/2016\/05\/bokac-3-768x512.jpg 768w, https:\/\/centralmedia.rs\/wp-content\/uploads\/2016\/05\/bokac-3.jpg 850w\" sizes=\"(max-width: 300px) 100vw, 300px\" \/><\/a><br \/>\nfotografije Bobana Jelisav\u010di\u0107a i Dejana Jovanovi\u0107a<\/p>\n","protected":false},"excerpt":{"rendered":"<p>PARA\u0106IN-U gradskoj biblioteci Dr. Vi\u0107entije Raki\u0107 u Para\u0107inu odrzana je izlo\u017eba dokumentarnih fotografija poplave koja je zadesila taj grad u maju 2014 godine i promocija &hellip; <\/p>\n","protected":false},"author":4,"featured_media":3156,"comment_status":"open","ping_status":"open","sticky":false,"template":"","format":"standard","meta":{"footnotes":""},"categories":[1524,2,15,1516,887,12],"tags":[693,156,813],"_links":{"self":[{"href":"https:\/\/centralmedia.rs\/index.php\/wp-json\/wp\/v2\/posts\/3154"}],"collection":[{"href":"https:\/\/centralmedia.rs\/index.php\/wp-json\/wp\/v2\/posts"}],"about":[{"href":"https:\/\/centralmedia.rs\/index.php\/wp-json\/wp\/v2\/types\/post"}],"author":[{"embeddable":true,"href":"https:\/\/centralmedia.rs\/index.php\/wp-json\/wp\/v2\/users\/4"}],"replies":[{"embeddable":true,"href":"https:\/\/centralmedia.rs\/index.php\/wp-json\/wp\/v2\/comments?post=3154"}],"version-history":[{"count":0,"href":"https:\/\/centralmedia.rs\/index.php\/wp-json\/wp\/v2\/posts\/3154\/revisions"}],"wp:featuredmedia":[{"embeddable":true,"href":"https:\/\/centralmedia.rs\/index.php\/wp-json\/wp\/v2\/media\/3156"}],"wp:attachment":[{"href":"https:\/\/centralmedia.rs\/index.php\/wp-json\/wp\/v2\/media?parent=3154"}],"wp:term":[{"taxonomy":"category","embeddable":true,"href":"https:\/\/centralmedia.rs\/index.php\/wp-json\/wp\/v2\/categories?post=3154"},{"taxonomy":"post_tag","embeddable":true,"href":"https:\/\/centralmedia.rs\/index.php\/wp-json\/wp\/v2\/tags?post=3154"}],"curies":[{"name":"wp","href":"https:\/\/api.w.org\/{rel}","templated":true}]}}