{"id":31546,"date":"2022-05-17T18:48:42","date_gmt":"2022-05-17T16:48:42","guid":{"rendered":"http:\/\/centralmedia.rs\/?p=31546"},"modified":"2022-06-01T18:49:04","modified_gmt":"2022-06-01T16:49:04","slug":"hocevar-u-senjskom-rudniku","status":"publish","type":"post","link":"https:\/\/centralmedia.rs\/index.php\/2022\/05\/17\/hocevar-u-senjskom-rudniku\/","title":{"rendered":"HO\u010cEVAR U SENJSKOM RUDNIKU"},"content":{"rendered":"<p>DESPOTOVAC- Muzej ugljarstva u Senjskom Rudniku kod Despotovca posetio je njegova ekselencija beogradski nadbiskup Stanislav Ho\u010devar i delegacija nadbiskupije iz Beograda. Prethodno je gost obi\u0161ao crkvu Svete Barbare u Ravnoj Reci.<\/p>\n<div id='gallery-1' class='gallery galleryid-31546 gallery-columns-3 gallery-size-thumbnail'><figure class='gallery-item'>\n\t\t\t<div class='gallery-icon portrait'>\n\t\t\t\t<a href='https:\/\/centralmedia.rs\/index.php\/2022\/05\/17\/hocevar-u-senjskom-rudniku\/hocevar-4\/'><img loading=\"lazy\" decoding=\"async\" width=\"150\" height=\"150\" src=\"https:\/\/centralmedia.rs\/wp-content\/uploads\/2022\/06\/ho\u010devar-150x150.jpg\" class=\"attachment-thumbnail size-thumbnail\" alt=\"\" \/><\/a>\n\t\t\t<\/div><\/figure><figure class='gallery-item'>\n\t\t\t<div class='gallery-icon portrait'>\n\t\t\t\t<a href='https:\/\/centralmedia.rs\/index.php\/2022\/05\/17\/hocevar-u-senjskom-rudniku\/hocevar1-3\/'><img loading=\"lazy\" decoding=\"async\" width=\"150\" height=\"150\" src=\"https:\/\/centralmedia.rs\/wp-content\/uploads\/2022\/06\/ho\u010devar1-150x150.jpg\" class=\"attachment-thumbnail size-thumbnail\" alt=\"\" \/><\/a>\n\t\t\t<\/div><\/figure><figure class='gallery-item'>\n\t\t\t<div class='gallery-icon portrait'>\n\t\t\t\t<a href='https:\/\/centralmedia.rs\/index.php\/2022\/05\/17\/hocevar-u-senjskom-rudniku\/hocevar2-2\/'><img loading=\"lazy\" decoding=\"async\" width=\"150\" height=\"150\" src=\"https:\/\/centralmedia.rs\/wp-content\/uploads\/2022\/06\/ho\u010devar2-150x150.jpg\" class=\"attachment-thumbnail size-thumbnail\" alt=\"\" \/><\/a>\n\t\t\t<\/div><\/figure>\n\t\t<\/div>\n\n<p>Poseti su prisustvovali predsednik Op\u0161tine Despotovac Nikola Nikoli\u0107, pomo\u0107nik direktora JPPEU Resavica Sr\u0111an Milanovi\u0107 i predsednik MZ Ravna Reka Milorad Stanojevi\u0107.<\/p>\n<p>Razgovaralo se o budu\u0107oj saradnji izme\u0111u Beogradske nadbiskupije, SO Despotovac i Muzeja ugljarstva u cilju pobolj\u0161anja kulturnih i turisti\u010dkih potencijala \u010ditavog resavskog kraja.<\/p>\n","protected":false},"excerpt":{"rendered":"<p>DESPOTOVAC- Muzej ugljarstva u Senjskom Rudniku kod Despotovca posetio je njegova ekselencija beogradski nadbiskup Stanislav Ho\u010devar i delegacija nadbiskupije iz Beograda. Prethodno je gost obi\u0161ao &hellip; <\/p>\n","protected":false},"author":2,"featured_media":31547,"comment_status":"open","ping_status":"open","sticky":false,"template":"","format":"standard","meta":{"footnotes":""},"categories":[1518,5786,14,1524,2,887,12],"tags":[51,3704,590],"_links":{"self":[{"href":"https:\/\/centralmedia.rs\/index.php\/wp-json\/wp\/v2\/posts\/31546"}],"collection":[{"href":"https:\/\/centralmedia.rs\/index.php\/wp-json\/wp\/v2\/posts"}],"about":[{"href":"https:\/\/centralmedia.rs\/index.php\/wp-json\/wp\/v2\/types\/post"}],"author":[{"embeddable":true,"href":"https:\/\/centralmedia.rs\/index.php\/wp-json\/wp\/v2\/users\/2"}],"replies":[{"embeddable":true,"href":"https:\/\/centralmedia.rs\/index.php\/wp-json\/wp\/v2\/comments?post=31546"}],"version-history":[{"count":1,"href":"https:\/\/centralmedia.rs\/index.php\/wp-json\/wp\/v2\/posts\/31546\/revisions"}],"predecessor-version":[{"id":31550,"href":"https:\/\/centralmedia.rs\/index.php\/wp-json\/wp\/v2\/posts\/31546\/revisions\/31550"}],"wp:featuredmedia":[{"embeddable":true,"href":"https:\/\/centralmedia.rs\/index.php\/wp-json\/wp\/v2\/media\/31547"}],"wp:attachment":[{"href":"https:\/\/centralmedia.rs\/index.php\/wp-json\/wp\/v2\/media?parent=31546"}],"wp:term":[{"taxonomy":"category","embeddable":true,"href":"https:\/\/centralmedia.rs\/index.php\/wp-json\/wp\/v2\/categories?post=31546"},{"taxonomy":"post_tag","embeddable":true,"href":"https:\/\/centralmedia.rs\/index.php\/wp-json\/wp\/v2\/tags?post=31546"}],"curies":[{"name":"wp","href":"https:\/\/api.w.org\/{rel}","templated":true}]}}