{"id":31567,"date":"2022-06-08T18:18:51","date_gmt":"2022-06-08T16:18:51","guid":{"rendered":"http:\/\/centralmedia.rs\/?p=31567"},"modified":"2022-06-11T11:53:53","modified_gmt":"2022-06-11T09:53:53","slug":"poseta-ministra-za-brigu-o-selu-milana-krkobabica","status":"publish","type":"post","link":"https:\/\/centralmedia.rs\/index.php\/2022\/06\/08\/poseta-ministra-za-brigu-o-selu-milana-krkobabica\/","title":{"rendered":"POSETA SVILAJNCU MINISTRA MILANA KRKOBABI\u0106A"},"content":{"rendered":"<p>SVILAJNAC-P\u010delarsku zadrugu \u201eSvilamed\u201c i Zemljoradni\u010dku zadrugu \u201eSvilajnac\u201c posetio je danas ministar za brigu o selu Milan Krkobabi\u0107, gde je na terenu obi\u0161ao rezultate programa finansijske podr\u0161ke zadrugama.<\/p>\n<div id='gallery-1' class='gallery galleryid-31567 gallery-columns-5 gallery-size-thumbnail'><figure class='gallery-item'>\n\t\t\t<div class='gallery-icon landscape'>\n\t\t\t\t<a href='https:\/\/centralmedia.rs\/index.php\/2022\/06\/08\/poseta-ministra-za-brigu-o-selu-milana-krkobabica\/krkobabic1\/'><img loading=\"lazy\" decoding=\"async\" width=\"150\" height=\"150\" src=\"https:\/\/centralmedia.rs\/wp-content\/uploads\/2022\/06\/krkobabic1-150x150.jpg\" class=\"attachment-thumbnail size-thumbnail\" alt=\"\" \/><\/a>\n\t\t\t<\/div><\/figure><figure class='gallery-item'>\n\t\t\t<div class='gallery-icon landscape'>\n\t\t\t\t<a href='https:\/\/centralmedia.rs\/index.php\/2022\/06\/08\/poseta-ministra-za-brigu-o-selu-milana-krkobabica\/krkobabic2\/'><img loading=\"lazy\" decoding=\"async\" width=\"150\" height=\"150\" src=\"https:\/\/centralmedia.rs\/wp-content\/uploads\/2022\/06\/krkobabic2-150x150.jpg\" class=\"attachment-thumbnail size-thumbnail\" alt=\"\" \/><\/a>\n\t\t\t<\/div><\/figure><figure class='gallery-item'>\n\t\t\t<div class='gallery-icon landscape'>\n\t\t\t\t<a href='https:\/\/centralmedia.rs\/index.php\/2022\/06\/08\/poseta-ministra-za-brigu-o-selu-milana-krkobabica\/krkobabic3\/'><img loading=\"lazy\" decoding=\"async\" width=\"150\" height=\"150\" src=\"https:\/\/centralmedia.rs\/wp-content\/uploads\/2022\/06\/krkobabic3-150x150.jpg\" class=\"attachment-thumbnail size-thumbnail\" alt=\"\" \/><\/a>\n\t\t\t<\/div><\/figure><figure class='gallery-item'>\n\t\t\t<div class='gallery-icon landscape'>\n\t\t\t\t<a href='https:\/\/centralmedia.rs\/index.php\/2022\/06\/08\/poseta-ministra-za-brigu-o-selu-milana-krkobabica\/krkobabic4\/'><img loading=\"lazy\" decoding=\"async\" width=\"150\" height=\"150\" src=\"https:\/\/centralmedia.rs\/wp-content\/uploads\/2022\/06\/krkobabic4-150x150.jpg\" class=\"attachment-thumbnail size-thumbnail\" alt=\"\" \/><\/a>\n\t\t\t<\/div><\/figure><figure class='gallery-item'>\n\t\t\t<div class='gallery-icon landscape'>\n\t\t\t\t<a href='https:\/\/centralmedia.rs\/index.php\/2022\/06\/08\/poseta-ministra-za-brigu-o-selu-milana-krkobabica\/krkobabic\/'><img loading=\"lazy\" decoding=\"async\" width=\"150\" height=\"150\" src=\"https:\/\/centralmedia.rs\/wp-content\/uploads\/2022\/06\/krkobabic-150x150.jpg\" class=\"attachment-thumbnail size-thumbnail\" alt=\"\" \/><\/a>\n\t\t\t<\/div><\/figure>\n\t\t<\/div>\n\n<p>Zadruzi \u201eSvilamed\u201c dodeljeno je bespovratno 7,5 miliona dinara za nabavku opreme, dok je zadruzi \u201eSvilajnac\u201c dodeljeno 15 miliona dinara Ministarstva za nabavku su\u0161are za \u017eitarice, koja \u0107e im olak\u0161ati skladi\u0161tenje proizvoda.<\/p>\n<p>Ministar Krkobabi\u0107 rekao je da je oprema moderna, da su koristi vi\u0161estruke i da je to jedan tehnolo\u0161ki iskorak:<\/p>\n<p>\u201eVa\u017eno nam je da na licu mesta vidimo rezulatate bespovratnih sredstava koja su dobile ove zadruge i drago mi je da vidimo dva primera dobre prakse, kako u smislu udru\u017eivanja u zadruge, tako i smislu prakti\u010dne koristi od ovog programa iz pro\u0161le godine\u201c.<\/p>\n<p>Zamenik predsednika op\u0161tine Svilajnac Dragana Radevi\u0107 istakla je izuzetnu saradnju op\u0161tine Svilajnac i Ministarstva za brigu o selu i to na razli\u010ditim projektima:<\/p>\n<p>\u201eLokalna samouprava godinama radi na tome da izjedna\u010di uslove \u017eivota u gradu i selima. Svilajna\u010dka sela imaju dobru infrastrukturu, vodu, \u0161kole, vrti\u0107e&#8230; Imamo odli\u010dnu saradnju sa Ministarstvom za brigu o selu, sa kojim smo realizovali nekoliko projekata. Pro\u0161le godine smo kroz projekat kupovine seoskih ku\u0107a re\u0161ili stambeno pitanje za 5 porodica, a u ovoj godini su za otkup seoskih ku\u0107a zainteresovani ljudi koji ne \u017eive na teritoriji na\u0161e op\u0161tine i koji su se odlu\u010dili da ba\u0161 u Svilajncu kupe ku\u0107e i trajno se nasele i za sada imamo tri takve porodice. Podr\u017eali smo i projekat namenjen zadrugama, a pro\u0161le godine u\u010destvovali smo u projektu Miholjski susreti sela, \u0161to o\u010dekujemo i ove godine.\u201c<\/p>\n<p>Obi\u0161av\u0161i zadruge ministar Krkobabi\u0107 istakao je va\u017enost zadrugarstva za sve oblike poljoprivredne proizvodnje i najavio nastavak programa podr\u0161ke.<\/p>\n","protected":false},"excerpt":{"rendered":"<p>SVILAJNAC-P\u010delarsku zadrugu \u201eSvilamed\u201c i Zemljoradni\u010dku zadrugu \u201eSvilajnac\u201c posetio je danas ministar za brigu o selu Milan Krkobabi\u0107, gde je na terenu obi\u0161ao rezultate programa finansijske &hellip; <\/p>\n","protected":false},"author":2,"featured_media":31568,"comment_status":"open","ping_status":"open","sticky":false,"template":"","format":"standard","meta":{"footnotes":""},"categories":[1524,2,1514,13,887,12,5785],"tags":[5864,5865,38],"_links":{"self":[{"href":"https:\/\/centralmedia.rs\/index.php\/wp-json\/wp\/v2\/posts\/31567"}],"collection":[{"href":"https:\/\/centralmedia.rs\/index.php\/wp-json\/wp\/v2\/posts"}],"about":[{"href":"https:\/\/centralmedia.rs\/index.php\/wp-json\/wp\/v2\/types\/post"}],"author":[{"embeddable":true,"href":"https:\/\/centralmedia.rs\/index.php\/wp-json\/wp\/v2\/users\/2"}],"replies":[{"embeddable":true,"href":"https:\/\/centralmedia.rs\/index.php\/wp-json\/wp\/v2\/comments?post=31567"}],"version-history":[{"count":2,"href":"https:\/\/centralmedia.rs\/index.php\/wp-json\/wp\/v2\/posts\/31567\/revisions"}],"predecessor-version":[{"id":31574,"href":"https:\/\/centralmedia.rs\/index.php\/wp-json\/wp\/v2\/posts\/31567\/revisions\/31574"}],"wp:featuredmedia":[{"embeddable":true,"href":"https:\/\/centralmedia.rs\/index.php\/wp-json\/wp\/v2\/media\/31568"}],"wp:attachment":[{"href":"https:\/\/centralmedia.rs\/index.php\/wp-json\/wp\/v2\/media?parent=31567"}],"wp:term":[{"taxonomy":"category","embeddable":true,"href":"https:\/\/centralmedia.rs\/index.php\/wp-json\/wp\/v2\/categories?post=31567"},{"taxonomy":"post_tag","embeddable":true,"href":"https:\/\/centralmedia.rs\/index.php\/wp-json\/wp\/v2\/tags?post=31567"}],"curies":[{"name":"wp","href":"https:\/\/api.w.org\/{rel}","templated":true}]}}