{"id":31617,"date":"2022-06-15T17:25:23","date_gmt":"2022-06-15T15:25:23","guid":{"rendered":"http:\/\/centralmedia.rs\/?p=31617"},"modified":"2022-06-21T14:17:35","modified_gmt":"2022-06-21T12:17:35","slug":"dragan-markovic-palma-zalazemo-se-za-prirodnu-pamet-to-je-buducnost-srbije","status":"publish","type":"post","link":"https:\/\/centralmedia.rs\/index.php\/2022\/06\/15\/dragan-markovic-palma-zalazemo-se-za-prirodnu-pamet-to-je-buducnost-srbije\/","title":{"rendered":"DRAGAN MARKOVI\u0106 PALMA:  ZALA\u017dEMO SE  ZA PRIRODNU PAMET \u2013 TO JE BUDU\u0106NOST SRBIJE"},"content":{"rendered":"<p>JAGODINA-U Skup\u0161tini grada Jagodine organizovan je prijem za najuspe\u0161nije jagodinske u\u010denike sa me\u0111unarodnih i republi\u010dkih takmi\u010denja. Za njih, ukupno 51. \u0111aka\u00a0 grad je obezbedio i zna\u010dajne nov\u010dane nagrade. Pozdravljaju\u0107i nagra\u0111ene u\u010denike, njihove roditelje, nastavnike i profesore, predsednik Skup\u0161tine grada Jagodine Dragan Markovi\u0107 Palma je poru\u010dio da se i grad i on li\u010dno zala\u017eu za prirodnu pamet:<\/p>\n<p>&#8211;\u00a0 Skup\u0161tina grada je donela odluku da se od ove godine nagra\u0111uju svi oni \u0111aci koji posti\u017eu\u00a0 visoke rezultate na me\u0111unarodnim i republi\u010dkim takmi\u010denjima. Ovaj grad se zala\u017ee za prirodnu pamet, i da ta prirodna pamet ostane u Srbiji i da tu rade i stvaraju, jer Srbija ima sve uslove za \u0161kolovanje \u0111aka kao i da nam prirodna pamet ne odlazi u druge dr\u017eave. Nagra\u0111eni u\u010denici\u00a0 su na takmi\u010denjima predstavljali svoj grad i \u0161kolu,\u00a0 zahvalju\u0107i njima \u010dulo se za Jagodinu. Jagodina zbog svih njih ima dobru budu\u0107nost. Oni su ponos svih nas koji vodimo grad, za sve odbornike i stranke, jer kada je ne\u0161to bitno,\u00a0 mi odluke donosimo jednoglasno &#8211;\u00a0 naglasio je Markovi\u0107.<\/p>\n<div id='gallery-1' class='gallery galleryid-31617 gallery-columns-3 gallery-size-thumbnail'><figure class='gallery-item'>\n\t\t\t<div class='gallery-icon landscape'>\n\t\t\t\t<a href='https:\/\/centralmedia.rs\/index.php\/2022\/06\/15\/dragan-markovic-palma-zalazemo-se-za-prirodnu-pamet-to-je-buducnost-srbije\/palma1-15\/'><img loading=\"lazy\" decoding=\"async\" width=\"150\" height=\"150\" src=\"https:\/\/centralmedia.rs\/wp-content\/uploads\/2022\/06\/palma1-1-150x150.jpg\" class=\"attachment-thumbnail size-thumbnail\" alt=\"\" \/><\/a>\n\t\t\t<\/div><\/figure><figure class='gallery-item'>\n\t\t\t<div class='gallery-icon landscape'>\n\t\t\t\t<a href='https:\/\/centralmedia.rs\/index.php\/2022\/06\/15\/dragan-markovic-palma-zalazemo-se-za-prirodnu-pamet-to-je-buducnost-srbije\/palma2-9\/'><img loading=\"lazy\" decoding=\"async\" width=\"150\" height=\"150\" src=\"https:\/\/centralmedia.rs\/wp-content\/uploads\/2022\/06\/palma2-150x150.jpg\" class=\"attachment-thumbnail size-thumbnail\" alt=\"\" \/><\/a>\n\t\t\t<\/div><\/figure><figure class='gallery-item'>\n\t\t\t<div class='gallery-icon landscape'>\n\t\t\t\t<a href='https:\/\/centralmedia.rs\/index.php\/2022\/06\/15\/dragan-markovic-palma-zalazemo-se-za-prirodnu-pamet-to-je-buducnost-srbije\/palma-47\/'><img loading=\"lazy\" decoding=\"async\" width=\"150\" height=\"150\" src=\"https:\/\/centralmedia.rs\/wp-content\/uploads\/2022\/06\/palma-1-150x150.jpg\" class=\"attachment-thumbnail size-thumbnail\" alt=\"\" \/><\/a>\n\t\t\t<\/div><\/figure>\n\t\t<\/div>\n\n<p>Markovi\u0107 je podsetio da se grad Jagodina razlikuje od drugih gradova i po tome \u0161to su jagodinski \u0111aci godinama do korone\u00a0 besplatno letovali u Crnoj Gori i u Gr\u010dkoj. On je najavio da \u0107e od naredne godine svi jagodinski \u0111aci iz zavr\u0161nih razreda osnovnih i srednjih \u0161kola letovati u Gr\u010dkoj. Napomenuo je da su u Jagodini sve \u0161kole renovirane, da je nekoliko njih novosagra\u0111eno. Markovi\u0107 je podsetio i da je grad Jagodina prvi grad van Beograda koji je imao svoje klizali\u0161te, i da je jedini grad u Srbiji koji ima skijali\u0161te sa ve\u0161ta\u010dkim snegom.<\/p>\n<p>&#8211; Uskoro se zavr\u0161avaju i teniski tereni, a u oktobru \u0107e biti pu\u0161tena u rad tri zatvorena bazena koja mogu da se mere sa svetskim standardima. Izgradnju ovih bazena ne finansiraju ni grad ni dr\u017eava ve\u0107 privatna firma. Uz to da dodamo i akva park, a sve su\u00a0 to sadrzaji\u00a0 u kojima\u00a0 jagodinski \u0111aci mogu da u\u017eivaju po vi\u0161e nego povoljnim cenama \u2013 kazao je Dragan Markovi\u0107 Palma, predsednik Skup\u0161tine grada Jagodine.<\/p>\n<p>Markovi\u0107 je pozvao nagra\u0111ene u\u010denike da nastave dalje sa postizanjem visokih rezultata, pozvao i druge da se ugledaju na njih i zaklju\u010dio da ne postoji grad u Srbiji poput Jagodine\u00a0 sa toliko uspe\u0161nih \u0111aka u odnosu na broj stanovnika.<\/p>\n<p>U\u010denici su za rezultate\u00a0 na me\u0111unarodnim i republi\u010dkim takmi\u010denjima od Skup\u0161tine grada Jagodine nagra\u0111eni nov\u010danim nagradama u rasponu od\u00a0 50.000 do 15.000 dinara.<\/p>\n","protected":false},"excerpt":{"rendered":"<p>JAGODINA-U Skup\u0161tini grada Jagodine organizovan je prijem za najuspe\u0161nije jagodinske u\u010denike sa me\u0111unarodnih i republi\u010dkih takmi\u010denja. Za njih, ukupno 51. \u0111aka\u00a0 grad je obezbedio i &hellip; <\/p>\n","protected":false},"author":2,"featured_media":31618,"comment_status":"open","ping_status":"open","sticky":false,"template":"","format":"standard","meta":{"footnotes":""},"categories":[14,1524,2,1514,5643,887,12],"tags":[58,540,120,196],"_links":{"self":[{"href":"https:\/\/centralmedia.rs\/index.php\/wp-json\/wp\/v2\/posts\/31617"}],"collection":[{"href":"https:\/\/centralmedia.rs\/index.php\/wp-json\/wp\/v2\/posts"}],"about":[{"href":"https:\/\/centralmedia.rs\/index.php\/wp-json\/wp\/v2\/types\/post"}],"author":[{"embeddable":true,"href":"https:\/\/centralmedia.rs\/index.php\/wp-json\/wp\/v2\/users\/2"}],"replies":[{"embeddable":true,"href":"https:\/\/centralmedia.rs\/index.php\/wp-json\/wp\/v2\/comments?post=31617"}],"version-history":[{"count":1,"href":"https:\/\/centralmedia.rs\/index.php\/wp-json\/wp\/v2\/posts\/31617\/revisions"}],"predecessor-version":[{"id":31621,"href":"https:\/\/centralmedia.rs\/index.php\/wp-json\/wp\/v2\/posts\/31617\/revisions\/31621"}],"wp:featuredmedia":[{"embeddable":true,"href":"https:\/\/centralmedia.rs\/index.php\/wp-json\/wp\/v2\/media\/31618"}],"wp:attachment":[{"href":"https:\/\/centralmedia.rs\/index.php\/wp-json\/wp\/v2\/media?parent=31617"}],"wp:term":[{"taxonomy":"category","embeddable":true,"href":"https:\/\/centralmedia.rs\/index.php\/wp-json\/wp\/v2\/categories?post=31617"},{"taxonomy":"post_tag","embeddable":true,"href":"https:\/\/centralmedia.rs\/index.php\/wp-json\/wp\/v2\/tags?post=31617"}],"curies":[{"name":"wp","href":"https:\/\/api.w.org\/{rel}","templated":true}]}}