{"id":31627,"date":"2022-06-15T18:14:08","date_gmt":"2022-06-15T16:14:08","guid":{"rendered":"http:\/\/centralmedia.rs\/?p=31627"},"modified":"2022-06-21T14:17:14","modified_gmt":"2022-06-21T12:17:14","slug":"festival-mini-rukometa","status":"publish","type":"post","link":"https:\/\/centralmedia.rs\/index.php\/2022\/06\/15\/festival-mini-rukometa\/","title":{"rendered":"FESTIVAL MINI RUKOMETA"},"content":{"rendered":"<p>SVILAJNAC-Festival mini rukometa Svilajnac 2022. okupio je preko 800 dece iz vi\u0161e od 80 ekipa iz 25 i vi\u0161e gradova. Festivalu su prisustvovale sada\u0161nje i biv\u0161e reprezentativke Srbije, kao i direktor mu\u0161ke reprezentacije, treneri, sudije i funkcioneri FSS.<\/p>\n<p><img loading=\"lazy\" decoding=\"async\" class=\"alignnone wp-image-31629 size-large\" src=\"http:\/\/centralmedia.rs\/wp-content\/uploads\/2022\/06\/rukomet-1024x768.jpg\" alt=\"\" width=\"640\" height=\"480\" srcset=\"https:\/\/centralmedia.rs\/wp-content\/uploads\/2022\/06\/rukomet-1024x768.jpg 1024w, https:\/\/centralmedia.rs\/wp-content\/uploads\/2022\/06\/rukomet-300x225.jpg 300w, https:\/\/centralmedia.rs\/wp-content\/uploads\/2022\/06\/rukomet-768x576.jpg 768w, https:\/\/centralmedia.rs\/wp-content\/uploads\/2022\/06\/rukomet-560x420.jpg 560w, https:\/\/centralmedia.rs\/wp-content\/uploads\/2022\/06\/rukomet-80x60.jpg 80w, https:\/\/centralmedia.rs\/wp-content\/uploads\/2022\/06\/rukomet-100x75.jpg 100w, https:\/\/centralmedia.rs\/wp-content\/uploads\/2022\/06\/rukomet-180x135.jpg 180w, https:\/\/centralmedia.rs\/wp-content\/uploads\/2022\/06\/rukomet-238x178.jpg 238w, https:\/\/centralmedia.rs\/wp-content\/uploads\/2022\/06\/rukomet-640x480.jpg 640w, https:\/\/centralmedia.rs\/wp-content\/uploads\/2022\/06\/rukomet-681x511.jpg 681w, https:\/\/centralmedia.rs\/wp-content\/uploads\/2022\/06\/rukomet.jpg 2048w\" sizes=\"(max-width: 640px) 100vw, 640px\" \/><\/p>\n","protected":false},"excerpt":{"rendered":"<p>SVILAJNAC-Festival mini rukometa Svilajnac 2022. okupio je preko 800 dece iz vi\u0161e od 80 ekipa iz 25 i vi\u0161e gradova. Festivalu su prisustvovale sada\u0161nje i &hellip; <\/p>\n","protected":false},"author":2,"featured_media":31628,"comment_status":"open","ping_status":"open","sticky":false,"template":"","format":"standard","meta":{"footnotes":""},"categories":[1524,2,887,21,12,5785,1517],"tags":[1052,5871,38],"_links":{"self":[{"href":"https:\/\/centralmedia.rs\/index.php\/wp-json\/wp\/v2\/posts\/31627"}],"collection":[{"href":"https:\/\/centralmedia.rs\/index.php\/wp-json\/wp\/v2\/posts"}],"about":[{"href":"https:\/\/centralmedia.rs\/index.php\/wp-json\/wp\/v2\/types\/post"}],"author":[{"embeddable":true,"href":"https:\/\/centralmedia.rs\/index.php\/wp-json\/wp\/v2\/users\/2"}],"replies":[{"embeddable":true,"href":"https:\/\/centralmedia.rs\/index.php\/wp-json\/wp\/v2\/comments?post=31627"}],"version-history":[{"count":1,"href":"https:\/\/centralmedia.rs\/index.php\/wp-json\/wp\/v2\/posts\/31627\/revisions"}],"predecessor-version":[{"id":31630,"href":"https:\/\/centralmedia.rs\/index.php\/wp-json\/wp\/v2\/posts\/31627\/revisions\/31630"}],"wp:featuredmedia":[{"embeddable":true,"href":"https:\/\/centralmedia.rs\/index.php\/wp-json\/wp\/v2\/media\/31628"}],"wp:attachment":[{"href":"https:\/\/centralmedia.rs\/index.php\/wp-json\/wp\/v2\/media?parent=31627"}],"wp:term":[{"taxonomy":"category","embeddable":true,"href":"https:\/\/centralmedia.rs\/index.php\/wp-json\/wp\/v2\/categories?post=31627"},{"taxonomy":"post_tag","embeddable":true,"href":"https:\/\/centralmedia.rs\/index.php\/wp-json\/wp\/v2\/tags?post=31627"}],"curies":[{"name":"wp","href":"https:\/\/api.w.org\/{rel}","templated":true}]}}