{"id":31632,"date":"2022-06-16T14:55:29","date_gmt":"2022-06-16T12:55:29","guid":{"rendered":"http:\/\/centralmedia.rs\/?p=31632"},"modified":"2022-06-24T21:00:16","modified_gmt":"2022-06-24T19:00:16","slug":"milanovic-digitalizacijom-opstine-svilajnac-pocinje-novo-doba-u-opstinskoj-upravi","status":"publish","type":"post","link":"https:\/\/centralmedia.rs\/index.php\/2022\/06\/16\/milanovic-digitalizacijom-opstine-svilajnac-pocinje-novo-doba-u-opstinskoj-upravi\/","title":{"rendered":"MILANOVI\u0106: DIGITALIZACIJOM OP\u0160TINE SVILAJNAC PO\u010cINjE NOVO DOBA U OP\u0160TINSKOJ UPRAVI"},"content":{"rendered":"<p>SVILAJNAC-Projekat digitalizacije op\u0161tina Svilajnac predstavila je zvani\u010dno javnosti i od danas je na sajtu op\u0161tine Svilajnac 10 usluga iz raznih domena rada op\u0161tiske uprave dostupno svim gra\u0111anima.<\/p>\n<div id='gallery-1' class='gallery galleryid-31632 gallery-columns-3 gallery-size-thumbnail'><figure class='gallery-item'>\n\t\t\t<div class='gallery-icon landscape'>\n\t\t\t\t<a href='https:\/\/centralmedia.rs\/index.php\/2022\/06\/16\/milanovic-digitalizacijom-opstine-svilajnac-pocinje-novo-doba-u-opstinskoj-upravi\/svilajnac2-4\/'><img loading=\"lazy\" decoding=\"async\" width=\"150\" height=\"150\" src=\"https:\/\/centralmedia.rs\/wp-content\/uploads\/2022\/06\/svilajnac2-150x150.jpg\" class=\"attachment-thumbnail size-thumbnail\" alt=\"\" \/><\/a>\n\t\t\t<\/div><\/figure><figure class='gallery-item'>\n\t\t\t<div class='gallery-icon landscape'>\n\t\t\t\t<a href='https:\/\/centralmedia.rs\/index.php\/2022\/06\/16\/milanovic-digitalizacijom-opstine-svilajnac-pocinje-novo-doba-u-opstinskoj-upravi\/svilajnac3-4\/'><img loading=\"lazy\" decoding=\"async\" width=\"150\" height=\"150\" src=\"https:\/\/centralmedia.rs\/wp-content\/uploads\/2022\/06\/svilajnac3-150x150.jpg\" class=\"attachment-thumbnail size-thumbnail\" alt=\"\" \/><\/a>\n\t\t\t<\/div><\/figure><figure class='gallery-item'>\n\t\t\t<div class='gallery-icon landscape'>\n\t\t\t\t<a href='https:\/\/centralmedia.rs\/index.php\/2022\/06\/16\/milanovic-digitalizacijom-opstine-svilajnac-pocinje-novo-doba-u-opstinskoj-upravi\/svilajnac4-4\/'><img loading=\"lazy\" decoding=\"async\" width=\"150\" height=\"150\" src=\"https:\/\/centralmedia.rs\/wp-content\/uploads\/2022\/06\/svilajnac4-150x150.jpg\" class=\"attachment-thumbnail size-thumbnail\" alt=\"\" \/><\/a>\n\t\t\t<\/div><\/figure>\n\t\t<\/div>\n\n<p>Digitalizacijom op\u0161tinskih usluga olak\u0161an je na\u010din pribavljanja dokumenata, a gra\u0111ani mogu bez dolaska na \u0161alter da ostvare svoje pravo i koriste usluge op\u0161tinske uprave iz svog doma.<\/p>\n<p>\u201eDigitalizovanjem 10 usluga po\u010delo je novo doba u radu uprave. To je proces koji stvara i jedan novi sistem vrednosti, gde \u0107e digitalizacija biti zamena za \u0161altere. Ovim \u0107e ljudi lak\u0161e dolaziti do svojih dokumenata, \u0161tede\u0107e se vreme i rad uprave bi\u0107e ekonomi\u010dniji i efikasniji\u201c &#8211; izjavio je predsednik op\u0161tine Svilajnac, Predrag Milanovi\u0107, na sve\u010danom doga\u0111aju povodom pokretanja nove usluge kojem su prisustvovali predstavnici korporacije Orakl kao i predstavnici 30 lokalnih samouprava.<\/p>\n<p>Projektom digitalizacije Op\u0161tina Svilajnac omogu\u0107ila je pokretanje 10 procedura iz razli\u010ditih oblasti rada op\u0161tinske uprave \u2013 jednokratne pomo\u0107i za ro\u0111enje deteta i nagrade studentima, zahteva i dozvola vezanih za iznajmljivanje i rad na javnim gradskim povr\u0161inama, uverenja o lokaciji i o starosti objekta, kao i o prose\u010dnim primanjima po \u010dlanu doma\u0107instva i zahteva za izlazak inspekcije.<\/p>\n<p>Digitalizacija Op\u0161tine Svilajnac realizovana je u saradnji sa korporacijom Oracle:<\/p>\n<p>\u201eDigitalizacija op\u0161tinskih usluga kroz uvo\u0111enje digitalnih re\u0161enja, sprovodi se sa ciljem da usluge budu pristupa\u010dnije, transparentnije i na efikasniji na\u010din dostupne gra\u0111anima. Uvo\u0111enjem novih aplikativnih gotovih re\u0161enja u Cloud-u svi gra\u0111ani ima\u0107e priliku da iskoriste prednosti modernizovane i efikasne op\u0161tinske uprave, te da isklju\u010de proces stajanja u redovima, a posao je samim tim olak\u0161an i zaposlenima u op\u0161tinskoj upravi. Ovim je op\u0161tina Svilajnac postala prva digitalna op\u0161tina u Srbiji\u201c &#8211; izjavila je Jovana Vidakovi\u0107, Regionalna direktorka prodaje aplikacijskih re\u0161enja u Cloud-u za javni sektor korporacije Oracle.<\/p>\n<p>Sve \u0161to je potrebno da gra\u0111ani urade jeste da pokrenu uslugu na sajtu Op\u0161tine Svilajnac, popune formu zahteva i prilo\u017ee neophodnu dokumentaciju, nakon \u010dega dobijaju personalnu identifikaciju pomo\u0107u koje mogu da prate status realizacije zahteva. Tra\u017eeno re\u0161enje, nakon zavr\u0161etka procesa, sti\u017ee korisniku u eSandu\u010de.<\/p>\n","protected":false},"excerpt":{"rendered":"<p>SVILAJNAC-Projekat digitalizacije op\u0161tina Svilajnac predstavila je zvani\u010dno javnosti i od danas je na sajtu op\u0161tine Svilajnac 10 usluga iz raznih domena rada op\u0161tiske uprave dostupno &hellip; <\/p>\n","protected":false},"author":2,"featured_media":31633,"comment_status":"open","ping_status":"open","sticky":false,"template":"","format":"standard","meta":{"footnotes":""},"categories":[1524,2,887,16,12,5785,1517],"tags":[3078,38,1425],"_links":{"self":[{"href":"https:\/\/centralmedia.rs\/index.php\/wp-json\/wp\/v2\/posts\/31632"}],"collection":[{"href":"https:\/\/centralmedia.rs\/index.php\/wp-json\/wp\/v2\/posts"}],"about":[{"href":"https:\/\/centralmedia.rs\/index.php\/wp-json\/wp\/v2\/types\/post"}],"author":[{"embeddable":true,"href":"https:\/\/centralmedia.rs\/index.php\/wp-json\/wp\/v2\/users\/2"}],"replies":[{"embeddable":true,"href":"https:\/\/centralmedia.rs\/index.php\/wp-json\/wp\/v2\/comments?post=31632"}],"version-history":[{"count":1,"href":"https:\/\/centralmedia.rs\/index.php\/wp-json\/wp\/v2\/posts\/31632\/revisions"}],"predecessor-version":[{"id":31637,"href":"https:\/\/centralmedia.rs\/index.php\/wp-json\/wp\/v2\/posts\/31632\/revisions\/31637"}],"wp:featuredmedia":[{"embeddable":true,"href":"https:\/\/centralmedia.rs\/index.php\/wp-json\/wp\/v2\/media\/31633"}],"wp:attachment":[{"href":"https:\/\/centralmedia.rs\/index.php\/wp-json\/wp\/v2\/media?parent=31632"}],"wp:term":[{"taxonomy":"category","embeddable":true,"href":"https:\/\/centralmedia.rs\/index.php\/wp-json\/wp\/v2\/categories?post=31632"},{"taxonomy":"post_tag","embeddable":true,"href":"https:\/\/centralmedia.rs\/index.php\/wp-json\/wp\/v2\/tags?post=31632"}],"curies":[{"name":"wp","href":"https:\/\/api.w.org\/{rel}","templated":true}]}}