{"id":31638,"date":"2022-06-17T20:40:10","date_gmt":"2022-06-17T18:40:10","guid":{"rendered":"http:\/\/centralmedia.rs\/?p=31638"},"modified":"2022-06-24T21:00:25","modified_gmt":"2022-06-24T19:00:25","slug":"maja-gojkovic-obnova-zaduzbine-despota-stefana-manasija-upisana-u-listu-unesco","status":"publish","type":"post","link":"https:\/\/centralmedia.rs\/index.php\/2022\/06\/17\/maja-gojkovic-obnova-zaduzbine-despota-stefana-manasija-upisana-u-listu-unesco\/","title":{"rendered":"Maja Gojkovi\u0107: Obnova zadu\u017ebine Despota Stefana, Manasija upisana u listu UNESCO"},"content":{"rendered":"<p>DESPOTOVAC- Na poziv igumana jeromonaha Pavla potpredsednica Vlade Republike Srbije i ministarka kulture i informisanja Maja Gojkovi\u0107 posetila je danas manastir Manasiju i istakla da \u0107e Ministarstvo kulture i informisanja intenzivno ulagati u ovo kulturno istorijsko zdanje uo\u010di izuzetno va\u017enog jubileja 2027. godine &#8211; 600 godina od upokojenja despota Stefana Lazarevi\u0107a, saop\u0161tili su iz Ministarstva kulture i informisanja.<\/p>\n<div id='gallery-1' class='gallery galleryid-31638 gallery-columns-5 gallery-size-thumbnail'><figure class='gallery-item'>\n\t\t\t<div class='gallery-icon landscape'>\n\t\t\t\t<a href='https:\/\/centralmedia.rs\/index.php\/2022\/06\/17\/maja-gojkovic-obnova-zaduzbine-despota-stefana-manasija-upisana-u-listu-unesco\/ministarstvo-kulture\/'><img loading=\"lazy\" decoding=\"async\" width=\"150\" height=\"150\" src=\"https:\/\/centralmedia.rs\/wp-content\/uploads\/2022\/06\/ministarstvo-kulture-150x150.jpg\" class=\"attachment-thumbnail size-thumbnail\" alt=\"\" \/><\/a>\n\t\t\t<\/div><\/figure><figure class='gallery-item'>\n\t\t\t<div class='gallery-icon landscape'>\n\t\t\t\t<a href='https:\/\/centralmedia.rs\/index.php\/2022\/06\/17\/maja-gojkovic-obnova-zaduzbine-despota-stefana-manasija-upisana-u-listu-unesco\/ministarstvo-kulture1\/'><img loading=\"lazy\" decoding=\"async\" width=\"150\" height=\"150\" src=\"https:\/\/centralmedia.rs\/wp-content\/uploads\/2022\/06\/ministarstvo-kulture1-150x150.jpg\" class=\"attachment-thumbnail size-thumbnail\" alt=\"\" \/><\/a>\n\t\t\t<\/div><\/figure><figure class='gallery-item'>\n\t\t\t<div class='gallery-icon landscape'>\n\t\t\t\t<a href='https:\/\/centralmedia.rs\/index.php\/2022\/06\/17\/maja-gojkovic-obnova-zaduzbine-despota-stefana-manasija-upisana-u-listu-unesco\/ministarstvo-kulture2\/'><img loading=\"lazy\" decoding=\"async\" width=\"150\" height=\"150\" src=\"https:\/\/centralmedia.rs\/wp-content\/uploads\/2022\/06\/ministarstvo-kulture2-150x150.jpg\" class=\"attachment-thumbnail size-thumbnail\" alt=\"\" \/><\/a>\n\t\t\t<\/div><\/figure><figure class='gallery-item'>\n\t\t\t<div class='gallery-icon landscape'>\n\t\t\t\t<a href='https:\/\/centralmedia.rs\/index.php\/2022\/06\/17\/maja-gojkovic-obnova-zaduzbine-despota-stefana-manasija-upisana-u-listu-unesco\/ministarstvo-kulture3\/'><img loading=\"lazy\" decoding=\"async\" width=\"150\" height=\"150\" src=\"https:\/\/centralmedia.rs\/wp-content\/uploads\/2022\/06\/ministarstvo-kulture3-150x150.jpg\" class=\"attachment-thumbnail size-thumbnail\" alt=\"\" \/><\/a>\n\t\t\t<\/div><\/figure><figure class='gallery-item'>\n\t\t\t<div class='gallery-icon landscape'>\n\t\t\t\t<a href='https:\/\/centralmedia.rs\/index.php\/2022\/06\/17\/maja-gojkovic-obnova-zaduzbine-despota-stefana-manasija-upisana-u-listu-unesco\/ministarstvo-kulture4\/'><img loading=\"lazy\" decoding=\"async\" width=\"150\" height=\"150\" src=\"https:\/\/centralmedia.rs\/wp-content\/uploads\/2022\/06\/ministarstvo-kulture4-150x150.jpg\" class=\"attachment-thumbnail size-thumbnail\" alt=\"\" \/><\/a>\n\t\t\t<\/div><\/figure>\n\t\t<\/div>\n\n<p>Gojkovi\u0107 je naglasila da je Ministarstvo u poslednjih nekoliko godina izdvojilo zna\u010dajna sredstva za radove na zadu\u017ebini despota Stefana Lazarevi\u0107a, odnosno 34 miliona dinara za obnovu kula i pojedinih delova u unutra\u0161njem prostoru, kao i da \u0107e se u narednom periodu nastaviti sa ulaganjima dr\u017eave u ovaj va\u017ean srednjovekovni spomenik kulture.<\/p>\n<p>&#8220;Ove godine se ula\u017ee u obnovu jednog od unutra\u0161njih stubova i zidova, a Republi\u010dki zavod za za\u0161titu spomenika kulture sprove\u0161\u0107e javnu nabavku. O\u010dekujemo da se zavr\u0161i krajem juna meseca i da se nastavi sa radom na obnovi i o\u010duvanju ovog istorijskog spomenika kulture&#8221;, naglasila je Gojkovi\u0107, podse\u0107aju\u0107i da je za tu namenu ve\u0107 izdvojeno 8,5 miliona dinara.<\/p>\n<p>Gojkovi\u0107 je istakla da je izuzetno va\u017eno da se nastavi sa ovim poslom obnove i za\u0161tite i da se na pravi na\u010din prika\u017ee na\u0161em narodu i svetskoj javnosti kakvu lepotu posedujemo i dodala da obnova kulturnog nasle\u0111a i na\u0161ih va\u017enih srednjovekovnih manastira zaslu\u017euju posebnu pa\u017enju dr\u017eave.<\/p>\n<p>&#8220;Do\u0161la sam ovde na poziv igumana Jeromonaha Pavla da razgovaramo o daljim ulaganjima Ministarstva kulture i informisanja i dr\u017eave u obnovu i rekonstrukciju ovog predivnog srednjovekovnog zdanja, va\u017enog istorijskog utvr\u0111enja za kulturu i identitet na\u0161eg naroda&#8221;, naglasila je ministarka kulture i informisanja.<\/p>\n<p>Gojkovi\u0107 je navela da \u0107e se sa Republi\u010dkim zavodom za za\u0161titu spomenika kulture razgovarati sa posebnom pa\u017enjom na koji na\u010din mogu da se vr\u0161e intervencije na manastiru, budu\u0107i da je manastir upisan na Tentativnu listu Uneska.<\/p>\n<p>&#8220;Pro\u0161le godine stru\u010dnjaci iz Gr\u010dke i Rumunije sastavili su jedan poseban izve\u0161taj koji je korak napred da manastir Manasija dobije s posebnom pa\u017enjom svih nas oznaku od posebne kulturne izuzetnosti. Ovaj manastir zaista ima takve potencijale. Dakle, pa\u017eljiva intervencija da ne bi propustili ovako veliku \u0161ansu Uneska, zato je va\u017ena saradnja sa njihovim stru\u010dnjacima i sa na\u0161im Republi\u010dkim zavodom za za\u0161titu spomenika kulture&#8221;, rekla je Gojkovi\u0107.<\/p>\n<p>Gojkovi\u0107 je naglasila da \u0107e Ministarstvo i dr\u017eava nastaviti ulaganja, kao i da \u0107e se razgovarati o obnovi srednjovekovnog objekta u okviru manastira u kome se nekada nalazila Trpezarija.<\/p>\n<p>Foto: Ministarstvo kulture i informisanja<\/p>\n<p>&nbsp;<\/p>\n<p>&nbsp;<\/p>\n<p>&nbsp;<\/p>\n","protected":false},"excerpt":{"rendered":"<p>DESPOTOVAC- Na poziv igumana jeromonaha Pavla potpredsednica Vlade Republike Srbije i ministarka kulture i informisanja Maja Gojkovi\u0107 posetila je danas manastir Manasiju i istakla da &hellip; <\/p>\n","protected":false},"author":2,"featured_media":31639,"comment_status":"open","ping_status":"open","sticky":false,"template":"","format":"standard","meta":{"footnotes":""},"categories":[5786,1518,14,1524,2,887,12],"tags":[5065,1141,1072],"_links":{"self":[{"href":"https:\/\/centralmedia.rs\/index.php\/wp-json\/wp\/v2\/posts\/31638"}],"collection":[{"href":"https:\/\/centralmedia.rs\/index.php\/wp-json\/wp\/v2\/posts"}],"about":[{"href":"https:\/\/centralmedia.rs\/index.php\/wp-json\/wp\/v2\/types\/post"}],"author":[{"embeddable":true,"href":"https:\/\/centralmedia.rs\/index.php\/wp-json\/wp\/v2\/users\/2"}],"replies":[{"embeddable":true,"href":"https:\/\/centralmedia.rs\/index.php\/wp-json\/wp\/v2\/comments?post=31638"}],"version-history":[{"count":2,"href":"https:\/\/centralmedia.rs\/index.php\/wp-json\/wp\/v2\/posts\/31638\/revisions"}],"predecessor-version":[{"id":31645,"href":"https:\/\/centralmedia.rs\/index.php\/wp-json\/wp\/v2\/posts\/31638\/revisions\/31645"}],"wp:featuredmedia":[{"embeddable":true,"href":"https:\/\/centralmedia.rs\/index.php\/wp-json\/wp\/v2\/media\/31639"}],"wp:attachment":[{"href":"https:\/\/centralmedia.rs\/index.php\/wp-json\/wp\/v2\/media?parent=31638"}],"wp:term":[{"taxonomy":"category","embeddable":true,"href":"https:\/\/centralmedia.rs\/index.php\/wp-json\/wp\/v2\/categories?post=31638"},{"taxonomy":"post_tag","embeddable":true,"href":"https:\/\/centralmedia.rs\/index.php\/wp-json\/wp\/v2\/tags?post=31638"}],"curies":[{"name":"wp","href":"https:\/\/api.w.org\/{rel}","templated":true}]}}