{"id":3164,"date":"2016-05-20T11:36:56","date_gmt":"2016-05-20T11:36:56","guid":{"rendered":"http:\/\/centralmedia.rs\/?p=3164"},"modified":"2016-05-20T11:36:56","modified_gmt":"2016-05-20T11:36:56","slug":"napednjaci-napustili-skupstinu-palma-stevanovic-cetvrti-put-na-celu-jagodine","status":"publish","type":"post","link":"https:\/\/centralmedia.rs\/index.php\/2016\/05\/20\/napednjaci-napustili-skupstinu-palma-stevanovic-cetvrti-put-na-celu-jagodine\/","title":{"rendered":"NAPEDNJACI NAPUSTILI SKUP\u0160TINU &#8211; PALMA I STEVANOVI\u0106 \u010cETVRTI PUT NA \u010cELU JAGODINE"},"content":{"rendered":"<p>JAGODINA-Na konstitutuvnoj sednici Skup\u0161tine grada Jagodina za predsednika Skup\u0161tine grada izabran je Dragan Markovi\u0107 Palma, a za gradona\u010delnika Ratko Stevanovi\u0107. Njih dvojica, uz povremenu rokadu tih funckija, na \u010delu su Jagodine \u010detvrti put. Naprednjaci nisu u\u010destvovali u glasanju na konstitutivnoj sednici, a prvu redovnu sednicu lokalnog parlamenta napustili su svi odbornici te stranke.<a href=\"https:\/\/centralmedia.rs\/wp-content\/uploads\/2016\/05\/sednica-2-jagodina-g.j..jpg\"><img loading=\"lazy\" decoding=\"async\" src=\"https:\/\/centralmedia.rs\/wp-content\/uploads\/2016\/05\/sednica-2-jagodina-g.j.-300x209.jpg\" alt=\"sednica 2-jagodina-g.j.\" width=\"300\" height=\"209\" class=\"alignnone size-medium wp-image-3166\" srcset=\"https:\/\/centralmedia.rs\/wp-content\/uploads\/2016\/05\/sednica-2-jagodina-g.j.-300x209.jpg 300w, https:\/\/centralmedia.rs\/wp-content\/uploads\/2016\/05\/sednica-2-jagodina-g.j.-768x534.jpg 768w, https:\/\/centralmedia.rs\/wp-content\/uploads\/2016\/05\/sednica-2-jagodina-g.j.-100x70.jpg 100w, https:\/\/centralmedia.rs\/wp-content\/uploads\/2016\/05\/sednica-2-jagodina-g.j..jpg 900w\" sizes=\"(max-width: 300px) 100vw, 300px\" \/><\/a><br \/>\n\t-\u017delim da se zahavlim gra\u0111anima Jagodine koji su nam \u010detvrti put dali poverenje da vodimo grad. Da\u0107emo ponudu drugoplasiranoj partiji za saradnju, jer uva\u017eavamo predloge, ukoliko su u korist gra\u0111ana i grada. \u017dao mi \u0161to jo\u0161 neke partije nisu u\u0161le u skup\u0161tinu. Nastavljamo gde smo stali. O programu ne \u017eelim danas da govorim. Nikada ne\u0107emo doneti odluku na \u0161tetu grada i gra\u0111ana. Pozivam drugoplasiranu partiju da vr\u0161imo pripremu sednica, sastavljamo dnevni red, budemo konstruktivni i da se ne sva\u0111amo. Ne \u017eelim da li\u010dimo da neke druge gradove, a pogotovo parlement Srbije koji je u proteklim mandatima bio rijaliti \u0161ou, rekao je Markovi\u0107 i dodao da \u0107e u narednom periodu uputiti SNS ponudu da u\u0111u u vlast u skladu sa ostvarenim izbornim rezultatima.<a href=\"https:\/\/centralmedia.rs\/wp-content\/uploads\/2016\/05\/sednica-3-jagodina-g.j..jpg\"><img loading=\"lazy\" decoding=\"async\" src=\"https:\/\/centralmedia.rs\/wp-content\/uploads\/2016\/05\/sednica-3-jagodina-g.j.-300x210.jpg\" alt=\"sednica 3-jagodina-g.j.\" width=\"300\" height=\"210\" class=\"alignnone size-medium wp-image-3167\" srcset=\"https:\/\/centralmedia.rs\/wp-content\/uploads\/2016\/05\/sednica-3-jagodina-g.j.-300x210.jpg 300w, https:\/\/centralmedia.rs\/wp-content\/uploads\/2016\/05\/sednica-3-jagodina-g.j.-768x538.jpg 768w, https:\/\/centralmedia.rs\/wp-content\/uploads\/2016\/05\/sednica-3-jagodina-g.j.-100x70.jpg 100w, https:\/\/centralmedia.rs\/wp-content\/uploads\/2016\/05\/sednica-3-jagodina-g.j..jpg 900w\" sizes=\"(max-width: 300px) 100vw, 300px\" \/><\/a><br \/>\nU jagodinskoj skup\u0161tini 21 odborni\u010dki mandat dobila je koalcija JS-SPS i 10 SNS.<br \/>\n\t-Trudi\u0107u se da funkciju gradona\u010delnika obavljam na najbolji mogu\u0107i na\u010din pridr\u017eavaju\u0107i se zakona, uz napomenu da \u017eelim dobru saradnju, rekao je Stevanovi\u0107.<a href=\"https:\/\/centralmedia.rs\/wp-content\/uploads\/2016\/05\/sednica-4-jagodina-g.j..jpg\"><img loading=\"lazy\" decoding=\"async\" src=\"https:\/\/centralmedia.rs\/wp-content\/uploads\/2016\/05\/sednica-4-jagodina-g.j.-300x176.jpg\" alt=\"sednica 4-jagodina-g.j.\" width=\"300\" height=\"176\" class=\"alignnone size-medium wp-image-3168\" srcset=\"https:\/\/centralmedia.rs\/wp-content\/uploads\/2016\/05\/sednica-4-jagodina-g.j.-300x176.jpg 300w, https:\/\/centralmedia.rs\/wp-content\/uploads\/2016\/05\/sednica-4-jagodina-g.j.-768x450.jpg 768w, https:\/\/centralmedia.rs\/wp-content\/uploads\/2016\/05\/sednica-4-jagodina-g.j.-1024x599.jpg 1024w, https:\/\/centralmedia.rs\/wp-content\/uploads\/2016\/05\/sednica-4-jagodina-g.j..jpg 1025w\" sizes=\"(max-width: 300px) 100vw, 300px\" \/><\/a><br \/>\nOdbornici su izabrali \u010dlanove Gradskog ve\u0107a, kao i \u010dlanove Komisije za administrativna i kadrovska pitanja.  Zatim je odr\u017eana prva redovna sednica Skup\u0161tine grada koju su napustili odbornici SNS.<br \/>\n\t-SNS nije u\u010destvovala u radu u ranijem periodu i ovaj dnveni red ne mo\u017eemo da prihvatimo. Zato napu\u0161tamo sednicu, rekao je predsednik lokanog SNS Nikola Radosavljevi\u0107 i zahvalio se gra\u0111anima koji su glasali  za tu stranku.<a href=\"https:\/\/centralmedia.rs\/wp-content\/uploads\/2016\/05\/naprednjaci-napustaju-skuprtinu-jagodina-g.j.jpg\"><img loading=\"lazy\" decoding=\"async\" src=\"https:\/\/centralmedia.rs\/wp-content\/uploads\/2016\/05\/naprednjaci-napustaju-skuprtinu-jagodina-g.j-300x209.jpg\" alt=\"naprednjaci napustaju skuprtinu-jagodina-g.j\" width=\"300\" height=\"209\" class=\"alignnone size-medium wp-image-3169\" srcset=\"https:\/\/centralmedia.rs\/wp-content\/uploads\/2016\/05\/naprednjaci-napustaju-skuprtinu-jagodina-g.j-300x209.jpg 300w, https:\/\/centralmedia.rs\/wp-content\/uploads\/2016\/05\/naprednjaci-napustaju-skuprtinu-jagodina-g.j-768x534.jpg 768w, https:\/\/centralmedia.rs\/wp-content\/uploads\/2016\/05\/naprednjaci-napustaju-skuprtinu-jagodina-g.j-100x70.jpg 100w, https:\/\/centralmedia.rs\/wp-content\/uploads\/2016\/05\/naprednjaci-napustaju-skuprtinu-jagodina-g.j.jpg 900w\" sizes=\"(max-width: 300px) 100vw, 300px\" \/><\/a><br \/>\nU Gradskom ve\u0107u i Komisiji za administrativna i kadrovska pitanja ostalo je po jedno mesto upra\u017enjeno.<\/p>\n","protected":false},"excerpt":{"rendered":"<p>JAGODINA-Na konstitutuvnoj sednici Skup\u0161tine grada Jagodina za predsednika Skup\u0161tine grada izabran je Dragan Markovi\u0107 Palma, a za gradona\u010delnika Ratko Stevanovi\u0107. Njih dvojica, uz povremenu rokadu &hellip; <\/p>\n","protected":false},"author":4,"featured_media":3165,"comment_status":"open","ping_status":"open","sticky":false,"template":"","format":"standard","meta":{"footnotes":""},"categories":[2,13,12],"tags":[816,58,817],"_links":{"self":[{"href":"https:\/\/centralmedia.rs\/index.php\/wp-json\/wp\/v2\/posts\/3164"}],"collection":[{"href":"https:\/\/centralmedia.rs\/index.php\/wp-json\/wp\/v2\/posts"}],"about":[{"href":"https:\/\/centralmedia.rs\/index.php\/wp-json\/wp\/v2\/types\/post"}],"author":[{"embeddable":true,"href":"https:\/\/centralmedia.rs\/index.php\/wp-json\/wp\/v2\/users\/4"}],"replies":[{"embeddable":true,"href":"https:\/\/centralmedia.rs\/index.php\/wp-json\/wp\/v2\/comments?post=3164"}],"version-history":[{"count":0,"href":"https:\/\/centralmedia.rs\/index.php\/wp-json\/wp\/v2\/posts\/3164\/revisions"}],"wp:featuredmedia":[{"embeddable":true,"href":"https:\/\/centralmedia.rs\/index.php\/wp-json\/wp\/v2\/media\/3165"}],"wp:attachment":[{"href":"https:\/\/centralmedia.rs\/index.php\/wp-json\/wp\/v2\/media?parent=3164"}],"wp:term":[{"taxonomy":"category","embeddable":true,"href":"https:\/\/centralmedia.rs\/index.php\/wp-json\/wp\/v2\/categories?post=3164"},{"taxonomy":"post_tag","embeddable":true,"href":"https:\/\/centralmedia.rs\/index.php\/wp-json\/wp\/v2\/tags?post=3164"}],"curies":[{"name":"wp","href":"https:\/\/api.w.org\/{rel}","templated":true}]}}