{"id":31647,"date":"2022-06-17T20:42:55","date_gmt":"2022-06-17T18:42:55","guid":{"rendered":"http:\/\/centralmedia.rs\/?p=31647"},"modified":"2022-06-24T21:00:38","modified_gmt":"2022-06-24T19:00:38","slug":"dodeljene-plaketa-i-povelje-povodom-dana-opstine-despotovac","status":"publish","type":"post","link":"https:\/\/centralmedia.rs\/index.php\/2022\/06\/17\/dodeljene-plaketa-i-povelje-povodom-dana-opstine-despotovac\/","title":{"rendered":"DODELJENE PLAKETA I POVELJE POVODOM DANA OP\u0160TINE DESPOTOVAC"},"content":{"rendered":"<p>DESPOTOVAC- Povodom 16. juna Dana Op\u0161tine Despotovac dodeljena su priznanja pojedincima i ustanovama zaslu\u017enim za razvoj lokalne samouprave.<\/p>\n<p>-Plaketa Op\u0161tine Despotovac dodeljena je postuhmno Dejanu Milo\u0161evi\u0107u iz Zlatova za doprinos u rekonstrukciji zgrade Doma zdravlja Despotovac, nabavci neophodne medicinske opreme i sredstva i efikasnoj organizaciji rada zdravstvenih slu\u017ebi u pandemiji virusa Korona, stoji u odluci.<\/p>\n<div id='gallery-1' class='gallery galleryid-31647 gallery-columns-3 gallery-size-thumbnail'><figure class='gallery-item'>\n\t\t\t<div class='gallery-icon portrait'>\n\t\t\t\t<a href='https:\/\/centralmedia.rs\/index.php\/2022\/06\/17\/dodeljene-plaketa-i-povelje-povodom-dana-opstine-despotovac\/crveni-krst-7\/'><img loading=\"lazy\" decoding=\"async\" width=\"150\" height=\"150\" src=\"https:\/\/centralmedia.rs\/wp-content\/uploads\/2022\/06\/crveni-krst-150x150.jpg\" class=\"attachment-thumbnail size-thumbnail\" alt=\"\" \/><\/a>\n\t\t\t<\/div><\/figure><figure class='gallery-item'>\n\t\t\t<div class='gallery-icon landscape'>\n\t\t\t\t<a href='https:\/\/centralmedia.rs\/index.php\/2022\/06\/17\/dodeljene-plaketa-i-povelje-povodom-dana-opstine-despotovac\/crveni-krst1\/'><img loading=\"lazy\" decoding=\"async\" width=\"150\" height=\"150\" src=\"https:\/\/centralmedia.rs\/wp-content\/uploads\/2022\/06\/crveni-krst1-150x150.jpg\" class=\"attachment-thumbnail size-thumbnail\" alt=\"\" \/><\/a>\n\t\t\t<\/div><\/figure><figure class='gallery-item'>\n\t\t\t<div class='gallery-icon landscape'>\n\t\t\t\t<a href='https:\/\/centralmedia.rs\/index.php\/2022\/06\/17\/dodeljene-plaketa-i-povelje-povodom-dana-opstine-despotovac\/crveni-krst2\/'><img loading=\"lazy\" decoding=\"async\" width=\"150\" height=\"150\" src=\"https:\/\/centralmedia.rs\/wp-content\/uploads\/2022\/06\/crveni-krst2-150x150.jpg\" class=\"attachment-thumbnail size-thumbnail\" alt=\"\" \/><\/a>\n\t\t\t<\/div><\/figure>\n\t\t<\/div>\n\n<p>Povelja Op\u0161tine Despotovac dodeljena je Vatrogasno-spasila\u010dkom odeljenju Despotovac za izuzetnu posve\u0107enost u radu i po\u017ertvovanju u brojnim vanrednim situacijama \u010dime su doprineli spa\u0161avanju ljudskih \u017eivota i smanjenju \u0161teta na materijalnim dobrima, organizaciji Crvenog krsta Despotovac za izuzetne radne rezultate, u\u010de\u0161\u0107e u humanitarnim akcijama i vi\u0161egodi\u0161nji doprinos afirmaciji op\u0161tine i \u00a0privrednom dru\u0161tvu \u201cBAS PROMET\u201c doo iz Bogave za izuzetne radne rezultate, u\u010de\u0161\u0107e u humanitarnim akcijama i vi\u0161egodi\u0161nji doprinos razvoju i afirmaciji op\u0161tine.<\/p>\n<p>Predsednik op\u0161tine Despotovac Nikola Nikoli\u0107 uru\u010dio je Povelju novoimenovanom sekretaru Crvenog krsta Despotovac, Stevanu Mi\u0161kovi\u0107u.U ime svih nagra\u0111enih Mi\u0161kovi\u0107\u00a0 je imao \u010dast da se svim prusutnima obrati i zahvali.<\/p>\n<p>-Ovo priznanje pripada njima, armiji dobrovoljnih davalaca krvi i armiji na\u0161ih mladih volontera koji svakodnevno u\u010destvuju u raznovrsnim humanitarnim aktivnostima Crvenog krsta.\u00a0Svakako \u0107e priznanje biti veliki podsticaj za budu\u0107i rad, jo\u0161 bolju saradnju i jo\u0161 bolje rezultate, rekao je on.<\/p>\n","protected":false},"excerpt":{"rendered":"<p>DESPOTOVAC- Povodom 16. juna Dana Op\u0161tine Despotovac dodeljena su priznanja pojedincima i ustanovama zaslu\u017enim za razvoj lokalne samouprave. -Plaketa Op\u0161tine Despotovac dodeljena je postuhmno Dejanu &hellip; <\/p>\n","protected":false},"author":2,"featured_media":31657,"comment_status":"open","ping_status":"open","sticky":false,"template":"","format":"standard","meta":{"footnotes":""},"categories":[1518,5786,14,1524,2,887,12],"tags":[2041,51],"_links":{"self":[{"href":"https:\/\/centralmedia.rs\/index.php\/wp-json\/wp\/v2\/posts\/31647"}],"collection":[{"href":"https:\/\/centralmedia.rs\/index.php\/wp-json\/wp\/v2\/posts"}],"about":[{"href":"https:\/\/centralmedia.rs\/index.php\/wp-json\/wp\/v2\/types\/post"}],"author":[{"embeddable":true,"href":"https:\/\/centralmedia.rs\/index.php\/wp-json\/wp\/v2\/users\/2"}],"replies":[{"embeddable":true,"href":"https:\/\/centralmedia.rs\/index.php\/wp-json\/wp\/v2\/comments?post=31647"}],"version-history":[{"count":3,"href":"https:\/\/centralmedia.rs\/index.php\/wp-json\/wp\/v2\/posts\/31647\/revisions"}],"predecessor-version":[{"id":31662,"href":"https:\/\/centralmedia.rs\/index.php\/wp-json\/wp\/v2\/posts\/31647\/revisions\/31662"}],"wp:featuredmedia":[{"embeddable":true,"href":"https:\/\/centralmedia.rs\/index.php\/wp-json\/wp\/v2\/media\/31657"}],"wp:attachment":[{"href":"https:\/\/centralmedia.rs\/index.php\/wp-json\/wp\/v2\/media?parent=31647"}],"wp:term":[{"taxonomy":"category","embeddable":true,"href":"https:\/\/centralmedia.rs\/index.php\/wp-json\/wp\/v2\/categories?post=31647"},{"taxonomy":"post_tag","embeddable":true,"href":"https:\/\/centralmedia.rs\/index.php\/wp-json\/wp\/v2\/tags?post=31647"}],"curies":[{"name":"wp","href":"https:\/\/api.w.org\/{rel}","templated":true}]}}