{"id":31705,"date":"2022-06-27T12:44:31","date_gmt":"2022-06-27T10:44:31","guid":{"rendered":"http:\/\/centralmedia.rs\/?p=31705"},"modified":"2022-07-04T19:47:51","modified_gmt":"2022-07-04T17:47:51","slug":"odbojkasica-sara-lozo-zbog-ruske-vakcine-onemogucena-da-igra-ligu-nacija-u-kanadi","status":"publish","type":"post","link":"https:\/\/centralmedia.rs\/index.php\/2022\/06\/27\/odbojkasica-sara-lozo-zbog-ruske-vakcine-onemogucena-da-igra-ligu-nacija-u-kanadi\/","title":{"rendered":"ODBOJKA\u0160ICA SARA LOZO ZBOG RUSKE VAKCINE ONEMOGU\u0106ENA DA IGRA LIGU NACIJA U KANADI"},"content":{"rendered":"<p>JAGODINA- Izme\u0111u dva vikenda, drugog i tre\u0107eg, iz sastava \u017eenske reprezentacije Srbije u odbojci grubo je uklonjena Sara Lozo (25) iz Jagodine, razlog je banalan Liga nacija se igra u Kanadi koja ne priznaje rusku vakcinu protiv korone. \u010cak i da je primila ,,odgovaraju\u0107u\u201d vakcinu ne bi mogla da u\u0111e u Kanadu jer je prva bila sputnik, odnosno re\u010d je tvrdoglavom pridr\u017eavanju ,,striktnih\u201d pravila. Ona se posle utakmica u Brazili vratila u Srbiju, dok je njeno mesto zauzela mlada\u00a0Mina Mijatovi\u0107.<\/p>\n<p>-\u017dao mi je, ali to je situacija koja nema veze sa sportom, \u010dak ni sam zdravstvenim propisima. Odbojka\u0161ki savez Srbije nije mogao da podnese zahtev za moju vizu, jer sam primila rusku vakcinu..Tako\u0111e i da sam posle dve doze ruskih vakcina primila neku drugu,koja je odobrena u Kanadi,\u00a0 ne bih mogla da dobijem vizu, zato \u0161to na papiru pi\u0161e da je prva doza bila sputnik, pri\u010da Sara koja ne gubi nadu da ove godine sa repezentacijom Srbije nastupi u finalu Lige nacija i svetskom prvenstvu, te osvoji dugo o\u010dekivanu prvu medalju sa Srbijom.<\/p>\n<div id='gallery-1' class='gallery galleryid-31705 gallery-columns-3 gallery-size-thumbnail'><figure class='gallery-item'>\n\t\t\t<div class='gallery-icon landscape'>\n\t\t\t\t<a href='https:\/\/centralmedia.rs\/index.php\/2022\/06\/27\/odbojkasica-sara-lozo-zbog-ruske-vakcine-onemogucena-da-igra-ligu-nacija-u-kanadi\/fivb\/'><img loading=\"lazy\" decoding=\"async\" width=\"150\" height=\"150\" src=\"https:\/\/centralmedia.rs\/wp-content\/uploads\/2022\/06\/fivb-150x150.jpg\" class=\"attachment-thumbnail size-thumbnail\" alt=\"\" \/><\/a>\n\t\t\t<\/div><\/figure><figure class='gallery-item'>\n\t\t\t<div class='gallery-icon landscape'>\n\t\t\t\t<a href='https:\/\/centralmedia.rs\/index.php\/2022\/06\/27\/odbojkasica-sara-lozo-zbog-ruske-vakcine-onemogucena-da-igra-ligu-nacija-u-kanadi\/fivb1\/'><img loading=\"lazy\" decoding=\"async\" width=\"150\" height=\"150\" src=\"https:\/\/centralmedia.rs\/wp-content\/uploads\/2022\/06\/fivb1-150x150.jpg\" class=\"attachment-thumbnail size-thumbnail\" alt=\"\" \/><\/a>\n\t\t\t<\/div><\/figure><figure class='gallery-item'>\n\t\t\t<div class='gallery-icon landscape'>\n\t\t\t\t<a href='https:\/\/centralmedia.rs\/index.php\/2022\/06\/27\/odbojkasica-sara-lozo-zbog-ruske-vakcine-onemogucena-da-igra-ligu-nacija-u-kanadi\/fivb2\/'><img loading=\"lazy\" decoding=\"async\" width=\"150\" height=\"150\" src=\"https:\/\/centralmedia.rs\/wp-content\/uploads\/2022\/06\/fivb2-150x150.jpg\" class=\"attachment-thumbnail size-thumbnail\" alt=\"\" \/><\/a>\n\t\t\t<\/div><\/figure>\n\t\t<\/div>\n\n<p>Re\u010d je administrativnim preprekama koje nisu svojstvene sportu, ali ni zdravstvenim propisima.<\/p>\n<p>-Generalno mislim da nije u redu sa se onemogu\u0107uje kretanje ljudima zbog izbora vakcine, \u0161to je \u010disto politi\u010dka odluka. I ona \u0161kodi svima a pogotovo nama sportistima. Ako Rusi i Kinezi zabrane zapadne vakcine, onda smo definitivno u velikom problemu jer moramo da se opredelimo po politi\u010dkoj liniji gde \u0107emo da igramo, \u0161to nema nikakve veze sa sportom i \u017eivotom. Setimo se Novaka \u0110okovi\u0107a s jedne i svih drugih sa druge strane, koliko je samo tu bilo nepravde. Ali \u0161ta je tu je. Ovu pauzu \u0107u iskoristiti da se spremim za narednu fazu takmi\u010denja ali \u0107e mi svakako faliti utakmice, ne predaje se jagodinska hercegovka tako lako.<\/p>\n<p>Sara Lozo je\u00a0tokom prve dve nedelje Lige nacija bije jedna od najbolji odbojka\u0161ica Srbije, ali utakmice tre\u0107eg vikenda ne\u0107e igrati. Selektor\u00a0Danijele Santareli je odu\u0161evljen njenim igrama, me\u0111utim dr\u017eavna politika je Kanade je ja\u010da od sporta. Pravila za ulazak u Kanadu su o\u0161tra, odnosno jo\u0161 rigoroznija nego u Australiji i u slu\u010daju Novaka \u0110okovi\u0107a koji nije vakcinisan. Sara Lozo je proteklu sezonu igrala u Rusiji i primila je tamo\u0161nju sputnik vakcinu protiv korone i u slu\u010daju Kanade to je automatska diskvalifikacija za vizu za sportsko takmi\u010denje.<\/p>\n<p>Srbija \u0107e tokom tre\u0107e sedmice, od 28. juna do 3. jula igrati u Kalgariju protiv Nema\u010dke (sreda, 29. jun \u2013 1.00), SAD (petak, 1. jul \u2013 4.00), Kanade (subota, 2. jul \u2013 4.00) i Japana (nedelja, 3. jul \u2013 1.00). U Kalgariju \u0107e jo\u0161 igrati Holandija, Belgija i Turska.<\/p>\n<p>Seniorke Srbije u Ligi nacija 2022. u grupnoj fazi ne\u0107e igrati sa Kinom, Dominikanskom Republikom i Poljskom.<\/p>\n<p>Na Finalnom turniru \u0107e igrati 8 reprezentacija, a takmi\u010denje po\u010dinje od utakmica \u010detvrtfinala.<\/p>\n<p>Finalni turnir u konkurenciji odbojka\u0161ica odigrati od 13. do 17. jula u Ankari, u Turskoj.<\/p>\n<p>Foto FIVB<\/p>\n","protected":false},"excerpt":{"rendered":"<p>JAGODINA- Izme\u0111u dva vikenda, drugog i tre\u0107eg, iz sastava \u017eenske reprezentacije Srbije u odbojci grubo je uklonjena Sara Lozo (25) iz Jagodine, razlog je banalan &hellip; <\/p>\n","protected":false},"author":2,"featured_media":31706,"comment_status":"open","ping_status":"open","sticky":false,"template":"","format":"standard","meta":{"footnotes":""},"categories":[1524,2,1514,5643,887,21,12],"tags":[5878,1409,1412,1410],"_links":{"self":[{"href":"https:\/\/centralmedia.rs\/index.php\/wp-json\/wp\/v2\/posts\/31705"}],"collection":[{"href":"https:\/\/centralmedia.rs\/index.php\/wp-json\/wp\/v2\/posts"}],"about":[{"href":"https:\/\/centralmedia.rs\/index.php\/wp-json\/wp\/v2\/types\/post"}],"author":[{"embeddable":true,"href":"https:\/\/centralmedia.rs\/index.php\/wp-json\/wp\/v2\/users\/2"}],"replies":[{"embeddable":true,"href":"https:\/\/centralmedia.rs\/index.php\/wp-json\/wp\/v2\/comments?post=31705"}],"version-history":[{"count":4,"href":"https:\/\/centralmedia.rs\/index.php\/wp-json\/wp\/v2\/posts\/31705\/revisions"}],"predecessor-version":[{"id":31719,"href":"https:\/\/centralmedia.rs\/index.php\/wp-json\/wp\/v2\/posts\/31705\/revisions\/31719"}],"wp:featuredmedia":[{"embeddable":true,"href":"https:\/\/centralmedia.rs\/index.php\/wp-json\/wp\/v2\/media\/31706"}],"wp:attachment":[{"href":"https:\/\/centralmedia.rs\/index.php\/wp-json\/wp\/v2\/media?parent=31705"}],"wp:term":[{"taxonomy":"category","embeddable":true,"href":"https:\/\/centralmedia.rs\/index.php\/wp-json\/wp\/v2\/categories?post=31705"},{"taxonomy":"post_tag","embeddable":true,"href":"https:\/\/centralmedia.rs\/index.php\/wp-json\/wp\/v2\/tags?post=31705"}],"curies":[{"name":"wp","href":"https:\/\/api.w.org\/{rel}","templated":true}]}}