{"id":31728,"date":"2022-06-28T16:03:05","date_gmt":"2022-06-28T14:03:05","guid":{"rendered":"http:\/\/centralmedia.rs\/?p=31728"},"modified":"2022-06-30T11:17:33","modified_gmt":"2022-06-30T09:17:33","slug":"svilajnac-obelezava-dan-opstine-program-svecanosti","status":"publish","type":"post","link":"https:\/\/centralmedia.rs\/index.php\/2022\/06\/28\/svilajnac-obelezava-dan-opstine-program-svecanosti\/","title":{"rendered":"SVILAJNAC OBELE\u017dAVA DAN OP\u0160TINE &#8211; PROGRAM SVE\u010cANOSTI"},"content":{"rendered":"<p>SVILAJNAC- Svilajnac u sredu, 29. Juna, obele\u017eava Dan op\u0161tine. Obele\u017eavanje je posve\u0107eno resavskom vojvodi, graditelju, diplomati i ktitoru Milosavu Zdravkovi\u0107u Resavcu.<\/p>\n<p>PROGRAM SVE\u010cANOSTI:<\/p>\n<p>10:00 &#8211; Otkrivanje portreta Milosava Zdravkovi\u0107a Resavca iz 1838. godine, autora Uro\u0161a Kne\u017eevi\u0107a, u holu Centra za kulturu<\/p>\n<p>11:00 &#8211; Polaganje venaca na grob Milosava Zdravkovi\u0107a Resavca u porti crkve Svetog Nikole u Svilajncu<\/p>\n<p>19:30 &#8211; Sve\u010dana akademija ispred Centra za kulturu u Svilajncu<\/p>\n<p>20:45 &#8211; Sve\u010dano otkrivanje spomenika Milosavu Zdravkovi\u0107u Resavcu na Trgu heroja.<\/p>\n<p>Jo\u0161 jednom podse\u0107amo da \u0107e, zbog obele\u017eavanja Dana op\u0161tine Svilajnac, biti primenjena PRIVREMENA OBUSTAVA SAOBRA\u0106AJA ZA SVA MOTORNA VOZILA u periodu od 28. juna u 20:00 do 30. juna u 06:00 sati.<\/p>\n<p>Zabrana saobra\u0107aja obuhvata slede\u0107e relacije: ULICA SVETOG SAVE OD HAJDUK VELjKOVE DO USTANI\u010cKE ULICE I ULICA TRG HEROJA OD HAJDUK VELjKOVE DO ULICE SVETOG SAVE.<\/p>\n<p>Alternativni pravci su: Hajduk Veljkova, Kara\u0111or\u0111eva, ulica Nosilaca Albanske spomenice, Ive Andri\u0107a i Ustani\u010dka ulica.<\/p>\n<p>Tokom obustave saobra\u0107aja, Parking servis ne\u0107e vr\u0161iti naplatu parkiranja.<\/p>\n","protected":false},"excerpt":{"rendered":"<p>SVILAJNAC- Svilajnac u sredu, 29. Juna, obele\u017eava Dan op\u0161tine. Obele\u017eavanje je posve\u0107eno resavskom vojvodi, graditelju, diplomati i ktitoru Milosavu Zdravkovi\u0107u Resavcu. PROGRAM SVE\u010cANOSTI: 10:00 &#8211; &hellip; <\/p>\n","protected":false},"author":2,"featured_media":31678,"comment_status":"open","ping_status":"open","sticky":false,"template":"","format":"standard","meta":{"footnotes":""},"categories":[1524,2,887,16,12,1517,5785],"tags":[2041,38],"_links":{"self":[{"href":"https:\/\/centralmedia.rs\/index.php\/wp-json\/wp\/v2\/posts\/31728"}],"collection":[{"href":"https:\/\/centralmedia.rs\/index.php\/wp-json\/wp\/v2\/posts"}],"about":[{"href":"https:\/\/centralmedia.rs\/index.php\/wp-json\/wp\/v2\/types\/post"}],"author":[{"embeddable":true,"href":"https:\/\/centralmedia.rs\/index.php\/wp-json\/wp\/v2\/users\/2"}],"replies":[{"embeddable":true,"href":"https:\/\/centralmedia.rs\/index.php\/wp-json\/wp\/v2\/comments?post=31728"}],"version-history":[{"count":2,"href":"https:\/\/centralmedia.rs\/index.php\/wp-json\/wp\/v2\/posts\/31728\/revisions"}],"predecessor-version":[{"id":31730,"href":"https:\/\/centralmedia.rs\/index.php\/wp-json\/wp\/v2\/posts\/31728\/revisions\/31730"}],"wp:featuredmedia":[{"embeddable":true,"href":"https:\/\/centralmedia.rs\/index.php\/wp-json\/wp\/v2\/media\/31678"}],"wp:attachment":[{"href":"https:\/\/centralmedia.rs\/index.php\/wp-json\/wp\/v2\/media?parent=31728"}],"wp:term":[{"taxonomy":"category","embeddable":true,"href":"https:\/\/centralmedia.rs\/index.php\/wp-json\/wp\/v2\/categories?post=31728"},{"taxonomy":"post_tag","embeddable":true,"href":"https:\/\/centralmedia.rs\/index.php\/wp-json\/wp\/v2\/tags?post=31728"}],"curies":[{"name":"wp","href":"https:\/\/api.w.org\/{rel}","templated":true}]}}