{"id":31734,"date":"2022-06-29T14:33:22","date_gmt":"2022-06-29T12:33:22","guid":{"rendered":"http:\/\/centralmedia.rs\/?p=31734"},"modified":"2022-07-04T19:47:16","modified_gmt":"2022-07-04T17:47:16","slug":"vidovdan-u-hilandaru","status":"publish","type":"post","link":"https:\/\/centralmedia.rs\/index.php\/2022\/06\/29\/vidovdan-u-hilandaru\/","title":{"rendered":"Vidovdan u Hilandaru"},"content":{"rendered":"<p>U Svetoj carskoj srpskoj lavri Hilandaru je sve\u010dano i molitveno proslavljen praznik Svetog velikomu\u010denika kneza Lazara i Svetih mu\u010denika kosovskih \u2013 Vidovdan.<\/p>\n<p>Slu\u017eba je zapo\u010deta sveno\u0107nim bdenjem a zavr\u0161ena je Svetom liturgijom, nakon koje je usledila prazni\u010dna trpeza.<\/p>\n<div id='gallery-1' class='gallery galleryid-31734 gallery-columns-5 gallery-size-thumbnail'><figure class='gallery-item'>\n\t\t\t<div class='gallery-icon portrait'>\n\t\t\t\t<a href='https:\/\/centralmedia.rs\/index.php\/2022\/06\/29\/vidovdan-u-hilandaru\/iguman\/'><img loading=\"lazy\" decoding=\"async\" width=\"150\" height=\"150\" src=\"https:\/\/centralmedia.rs\/wp-content\/uploads\/2022\/06\/iguman-150x150.jpg\" class=\"attachment-thumbnail size-thumbnail\" alt=\"\" \/><\/a>\n\t\t\t<\/div><\/figure><figure class='gallery-item'>\n\t\t\t<div class='gallery-icon landscape'>\n\t\t\t\t<a href='https:\/\/centralmedia.rs\/index.php\/2022\/06\/29\/vidovdan-u-hilandaru\/vidovdan-8\/'><img loading=\"lazy\" decoding=\"async\" width=\"150\" height=\"150\" src=\"https:\/\/centralmedia.rs\/wp-content\/uploads\/2022\/06\/vidovdan-1-150x150.jpg\" class=\"attachment-thumbnail size-thumbnail\" alt=\"\" \/><\/a>\n\t\t\t<\/div><\/figure><figure class='gallery-item'>\n\t\t\t<div class='gallery-icon landscape'>\n\t\t\t\t<a href='https:\/\/centralmedia.rs\/index.php\/2022\/06\/29\/vidovdan-u-hilandaru\/vidovdan1-2\/'><img loading=\"lazy\" decoding=\"async\" width=\"150\" height=\"150\" src=\"https:\/\/centralmedia.rs\/wp-content\/uploads\/2022\/06\/vidovdan1-1-150x150.jpg\" class=\"attachment-thumbnail size-thumbnail\" alt=\"\" \/><\/a>\n\t\t\t<\/div><\/figure><figure class='gallery-item'>\n\t\t\t<div class='gallery-icon landscape'>\n\t\t\t\t<a href='https:\/\/centralmedia.rs\/index.php\/2022\/06\/29\/vidovdan-u-hilandaru\/vidovdan2-2\/'><img loading=\"lazy\" decoding=\"async\" width=\"150\" height=\"150\" src=\"https:\/\/centralmedia.rs\/wp-content\/uploads\/2022\/06\/vidovdan2-1-150x150.jpg\" class=\"attachment-thumbnail size-thumbnail\" alt=\"\" \/><\/a>\n\t\t\t<\/div><\/figure><figure class='gallery-item'>\n\t\t\t<div class='gallery-icon portrait'>\n\t\t\t\t<a href='https:\/\/centralmedia.rs\/index.php\/2022\/06\/29\/vidovdan-u-hilandaru\/vidovdan3-2\/'><img loading=\"lazy\" decoding=\"async\" width=\"150\" height=\"150\" src=\"https:\/\/centralmedia.rs\/wp-content\/uploads\/2022\/06\/vidovdan3-1-150x150.jpg\" class=\"attachment-thumbnail size-thumbnail\" alt=\"\" srcset=\"https:\/\/centralmedia.rs\/wp-content\/uploads\/2022\/06\/vidovdan3-1-150x150.jpg 150w, https:\/\/centralmedia.rs\/wp-content\/uploads\/2022\/06\/vidovdan3-1-584x580.jpg 584w\" sizes=\"(max-width: 150px) 100vw, 150px\" \/><\/a>\n\t\t\t<\/div><\/figure>\n\t\t<\/div>\n\n<p>Vidovdan u Hilandaru je pored tor\u017eestva i posebne duhovnosti koja prati svetogorska sveno\u0107na bdenja, imao dodatnu emotivnu i sve\u010danu atmosferu, zahvaljuju\u0107i \u010dlanovima dru\u0161tva \u201e\u010cuvari Hristovog groba\u201c iz Batajnice. Oni ve\u0107 desetu godinu za redom proslavljaju ovaj veliki praznik zajedno sa hilandarskim bratstvom. Re\u010d je o tradiciji koja se negovala u mestu Vrlika, 30 km ju\u017eno od Knina.<\/p>\n<p>Gosti u Hilandaru su bili i sve\u0161tenoslu\u017eitelji, monasi i bogoslovi iz Eparhije dalmatinske Srpske Pravoslavne Crkve.<\/p>\n<p>Foto i tekst: monah Milutin Hilandarac<\/p>\n","protected":false},"excerpt":{"rendered":"<p>U Svetoj carskoj srpskoj lavri Hilandaru je sve\u010dano i molitveno proslavljen praznik Svetog velikomu\u010denika kneza Lazara i Svetih mu\u010denika kosovskih \u2013 Vidovdan. Slu\u017eba je zapo\u010deta &hellip; <\/p>\n","protected":false},"author":2,"featured_media":31735,"comment_status":"open","ping_status":"open","sticky":false,"template":"","format":"standard","meta":{"footnotes":""},"categories":[14,5644,887,12],"tags":[150,903],"_links":{"self":[{"href":"https:\/\/centralmedia.rs\/index.php\/wp-json\/wp\/v2\/posts\/31734"}],"collection":[{"href":"https:\/\/centralmedia.rs\/index.php\/wp-json\/wp\/v2\/posts"}],"about":[{"href":"https:\/\/centralmedia.rs\/index.php\/wp-json\/wp\/v2\/types\/post"}],"author":[{"embeddable":true,"href":"https:\/\/centralmedia.rs\/index.php\/wp-json\/wp\/v2\/users\/2"}],"replies":[{"embeddable":true,"href":"https:\/\/centralmedia.rs\/index.php\/wp-json\/wp\/v2\/comments?post=31734"}],"version-history":[{"count":1,"href":"https:\/\/centralmedia.rs\/index.php\/wp-json\/wp\/v2\/posts\/31734\/revisions"}],"predecessor-version":[{"id":31741,"href":"https:\/\/centralmedia.rs\/index.php\/wp-json\/wp\/v2\/posts\/31734\/revisions\/31741"}],"wp:featuredmedia":[{"embeddable":true,"href":"https:\/\/centralmedia.rs\/index.php\/wp-json\/wp\/v2\/media\/31735"}],"wp:attachment":[{"href":"https:\/\/centralmedia.rs\/index.php\/wp-json\/wp\/v2\/media?parent=31734"}],"wp:term":[{"taxonomy":"category","embeddable":true,"href":"https:\/\/centralmedia.rs\/index.php\/wp-json\/wp\/v2\/categories?post=31734"},{"taxonomy":"post_tag","embeddable":true,"href":"https:\/\/centralmedia.rs\/index.php\/wp-json\/wp\/v2\/tags?post=31734"}],"curies":[{"name":"wp","href":"https:\/\/api.w.org\/{rel}","templated":true}]}}