{"id":31775,"date":"2022-07-02T21:20:49","date_gmt":"2022-07-02T19:20:49","guid":{"rendered":"http:\/\/centralmedia.rs\/?p=31775"},"modified":"2022-07-09T11:59:46","modified_gmt":"2022-07-09T09:59:46","slug":"3-267-nevino-ubijenih-jedini-greh-sto-su-srbi-30-godina-od-genocida-u-srednjem-podrinju-i-bircu","status":"publish","type":"post","link":"https:\/\/centralmedia.rs\/index.php\/2022\/07\/02\/3-267-nevino-ubijenih-jedini-greh-sto-su-srbi-30-godina-od-genocida-u-srednjem-podrinju-i-bircu\/","title":{"rendered":"3.267 nevino ubijenih, jedini greh \u0161to su Srbi &#8211; 30 godina od genocida u srednjem Podrinju i Bir\u010du"},"content":{"rendered":"<p>U Bratuncu je danas obele\u017eeno 30 godina od genocida nad golorukim srpskim stanovi\u0161tvom u srednjem Podrinju i Bir\u010du, kome je jedini greh bio \u0161to su Srbi. Njih su ubijale kom\u0161ije iz Srebrenice predvo\u0111ene Nasreom Ori\u0107em pune tri godine i niko nije osu\u0111en zbog tih ubistava.<\/p>\n<div id='gallery-1' class='gallery galleryid-31775 gallery-columns-5 gallery-size-thumbnail'><figure class='gallery-item'>\n\t\t\t<div class='gallery-icon landscape'>\n\t\t\t\t<a href='https:\/\/centralmedia.rs\/index.php\/2022\/07\/02\/3-267-nevino-ubijenih-jedini-greh-sto-su-srbi-30-godina-od-genocida-u-srednjem-podrinju-i-bircu\/spc-bratunac1\/'><img loading=\"lazy\" decoding=\"async\" width=\"150\" height=\"150\" src=\"https:\/\/centralmedia.rs\/wp-content\/uploads\/2022\/07\/spc-bratunac1-150x150.jpg\" class=\"attachment-thumbnail size-thumbnail\" alt=\"\" \/><\/a>\n\t\t\t<\/div><\/figure><figure class='gallery-item'>\n\t\t\t<div class='gallery-icon landscape'>\n\t\t\t\t<a href='https:\/\/centralmedia.rs\/index.php\/2022\/07\/02\/3-267-nevino-ubijenih-jedini-greh-sto-su-srbi-30-godina-od-genocida-u-srednjem-podrinju-i-bircu\/spc-bratunac2\/'><img loading=\"lazy\" decoding=\"async\" width=\"150\" height=\"150\" src=\"https:\/\/centralmedia.rs\/wp-content\/uploads\/2022\/07\/spc-bratunac2-150x150.jpg\" class=\"attachment-thumbnail size-thumbnail\" alt=\"\" \/><\/a>\n\t\t\t<\/div><\/figure><figure class='gallery-item'>\n\t\t\t<div class='gallery-icon landscape'>\n\t\t\t\t<a href='https:\/\/centralmedia.rs\/index.php\/2022\/07\/02\/3-267-nevino-ubijenih-jedini-greh-sto-su-srbi-30-godina-od-genocida-u-srednjem-podrinju-i-bircu\/spc-bratunac3\/'><img loading=\"lazy\" decoding=\"async\" width=\"150\" height=\"150\" src=\"https:\/\/centralmedia.rs\/wp-content\/uploads\/2022\/07\/spc-bratunac3-150x150.jpg\" class=\"attachment-thumbnail size-thumbnail\" alt=\"\" \/><\/a>\n\t\t\t<\/div><\/figure><figure class='gallery-item'>\n\t\t\t<div class='gallery-icon landscape'>\n\t\t\t\t<a href='https:\/\/centralmedia.rs\/index.php\/2022\/07\/02\/3-267-nevino-ubijenih-jedini-greh-sto-su-srbi-30-godina-od-genocida-u-srednjem-podrinju-i-bircu\/spc-bratunac4\/'><img loading=\"lazy\" decoding=\"async\" width=\"150\" height=\"150\" src=\"https:\/\/centralmedia.rs\/wp-content\/uploads\/2022\/07\/spc-bratunac4-150x150.jpg\" class=\"attachment-thumbnail size-thumbnail\" alt=\"\" \/><\/a>\n\t\t\t<\/div><\/figure><figure class='gallery-item'>\n\t\t\t<div class='gallery-icon landscape'>\n\t\t\t\t<a href='https:\/\/centralmedia.rs\/index.php\/2022\/07\/02\/3-267-nevino-ubijenih-jedini-greh-sto-su-srbi-30-godina-od-genocida-u-srednjem-podrinju-i-bircu\/spc-bratunac\/'><img loading=\"lazy\" decoding=\"async\" width=\"150\" height=\"150\" src=\"https:\/\/centralmedia.rs\/wp-content\/uploads\/2022\/07\/spc-bratunac-150x150.jpg\" class=\"attachment-thumbnail size-thumbnail\" alt=\"\" \/><\/a>\n\t\t\t<\/div><\/figure>\n\t\t<\/div>\n\n<p>Zvani\u010dnici Republike Srpske i Srbije, delegacije i predstavnici organizacija proisteklih iz Odbrambeno-otad\u017ebinskog rata polo\u017eili su danas vence kod Spomen-krsta na groblju u Bratuncu i odali po\u010dast stradalim Srbima u srednjem Podrinju i Bir\u010du. Za mnogobrojne brojne zlo\u010dine po\u010dinjene nad Srbima u srednjem Podrinju i Bir\u010du i za 3.267 srpskih \u017ertava, uglavnom civilnih, niko nije odgovarao ni nakon 30 godina.<\/p>\n<p>Posle Svete arhijerejsku liturgije koji je slu\u017eio u crkvi Uspenija Presvete Bogorodice, patrijarh srpski Porfirije sa vladikama i \u010dlanom Predsedni\u0161tva BIH Miloradom Dodikom, kao i premijerom Republike Srpske, Radovanom Vi\u0161kovi\u0107em, posetio je gradsko vojni\u010dko groblje.<\/p>\n<p>-Pro\u017eet sve\u0161tenim trepetom i molitvom za sve nevino postradale \u017ertve u Srednjem Podrinju i Bir\u010du, posetio sam Bratunac. Ovo mu\u010deni\u010dko mesto je jedan od kami\u010daka u mozaiku raspe\u0107a, stradanja i krsta na\u0161eg pravoslavnog srpskog naroda, ali isto tako mesto na\u0161e obnove, na\u0161eg vaskrsenja, na\u0161eg svedo\u010denja da ima smisla biti ikona Bo\u017eja, rekao je patrijarh Porfirije.<\/p>\n<p>Dodik je u Bratuncu poru\u010dio da se na podru\u010dju srednjeg Podrinja i Bir\u010da u proteklom Odbrambeno-otad\u017ebinskom ratu desio zlo\u010din nad Srbima ne samo u momentu izvr\u0161enja, nego i nakon toga, jer su srpske \u017ertve neadekvatno tretirane.<\/p>\n<p>&#8211; Nijedan sud nije uzeo u obzir \u010dinjenicu, pa ni sama istorija da je ovdje stradalo vi\u0161e od 3.500 Srba, djece, \u017eena, istakao je Dodik<\/p>\n<p>Premijer Srpske je naveo da posebno vrije\u0111a \u0161to se danas na pomenu u Bratuncu skoro da ne pojavljuje niko iz me\u0111unarodne zajednice da oda po\u010dast srpskim \u017ertvama, a samo za desetak dana skoro na istom mjestu pojavi\u0107e se svi.<\/p>\n<p>Pomen se daje svim srpskim \u017ertvama iz srednjeg Podrinja i Bir\u010da u Odbrambeno-otad\u017ebinskom ratu, a organizuje se povodom 30 godina od velikog stradanja Srba na Petrovdan 1992. godine u selima oko Srebrenice i Bratunca, kada je ubijeno 69 i zarobljeno 22 vojnika i civila, od kojih niko nije pre\u017eivio.<\/p>\n<p>Foto SPC<\/p>\n","protected":false},"excerpt":{"rendered":"<p>U Bratuncu je danas obele\u017eeno 30 godina od genocida nad golorukim srpskim stanovi\u0161tvom u srednjem Podrinju i Bir\u010du, kome je jedini greh bio \u0161to su &hellip; <\/p>\n","protected":false},"author":2,"featured_media":31776,"comment_status":"open","ping_status":"open","sticky":false,"template":"","format":"standard","meta":{"footnotes":""},"categories":[14,2,12],"tags":[5884,5310,3280,5108,5261,3123,3415],"_links":{"self":[{"href":"https:\/\/centralmedia.rs\/index.php\/wp-json\/wp\/v2\/posts\/31775"}],"collection":[{"href":"https:\/\/centralmedia.rs\/index.php\/wp-json\/wp\/v2\/posts"}],"about":[{"href":"https:\/\/centralmedia.rs\/index.php\/wp-json\/wp\/v2\/types\/post"}],"author":[{"embeddable":true,"href":"https:\/\/centralmedia.rs\/index.php\/wp-json\/wp\/v2\/users\/2"}],"replies":[{"embeddable":true,"href":"https:\/\/centralmedia.rs\/index.php\/wp-json\/wp\/v2\/comments?post=31775"}],"version-history":[{"count":1,"href":"https:\/\/centralmedia.rs\/index.php\/wp-json\/wp\/v2\/posts\/31775\/revisions"}],"predecessor-version":[{"id":31781,"href":"https:\/\/centralmedia.rs\/index.php\/wp-json\/wp\/v2\/posts\/31775\/revisions\/31781"}],"wp:featuredmedia":[{"embeddable":true,"href":"https:\/\/centralmedia.rs\/index.php\/wp-json\/wp\/v2\/media\/31776"}],"wp:attachment":[{"href":"https:\/\/centralmedia.rs\/index.php\/wp-json\/wp\/v2\/media?parent=31775"}],"wp:term":[{"taxonomy":"category","embeddable":true,"href":"https:\/\/centralmedia.rs\/index.php\/wp-json\/wp\/v2\/categories?post=31775"},{"taxonomy":"post_tag","embeddable":true,"href":"https:\/\/centralmedia.rs\/index.php\/wp-json\/wp\/v2\/tags?post=31775"}],"curies":[{"name":"wp","href":"https:\/\/api.w.org\/{rel}","templated":true}]}}