{"id":31785,"date":"2022-07-04T20:13:40","date_gmt":"2022-07-04T18:13:40","guid":{"rendered":"http:\/\/centralmedia.rs\/?p=31785"},"modified":"2022-07-04T20:13:40","modified_gmt":"2022-07-04T18:13:40","slug":"etno-festival-bela-crkva-u-beljajki","status":"publish","type":"post","link":"https:\/\/centralmedia.rs\/index.php\/2022\/07\/04\/etno-festival-bela-crkva-u-beljajki\/","title":{"rendered":"Etno Festival &#8220;Bela Crkva&#8221; u Beljajki"},"content":{"rendered":"<p>DESPOTOVAC- Posle nekoliko godina pause u Beljaki kod Despotovca bi\u0107e odr\u017ean 11. Festival etno hrane i obi\u010daja ,, Bela crkva\u201d. Festival se odr\u017eava u nedelju 17. jula.<\/p>\n<p><img loading=\"lazy\" decoding=\"async\" class=\"alignnone wp-image-31786 size-full\" src=\"http:\/\/centralmedia.rs\/wp-content\/uploads\/2022\/07\/beljajka1.jpg\" alt=\"\" width=\"526\" height=\"701\" srcset=\"https:\/\/centralmedia.rs\/wp-content\/uploads\/2022\/07\/beljajka1.jpg 526w, https:\/\/centralmedia.rs\/wp-content\/uploads\/2022\/07\/beljajka1-225x300.jpg 225w, https:\/\/centralmedia.rs\/wp-content\/uploads\/2022\/07\/beljajka1-315x420.jpg 315w\" sizes=\"(max-width: 526px) 100vw, 526px\" \/><\/p>\n","protected":false},"excerpt":{"rendered":"<p>DESPOTOVAC- Posle nekoliko godina pause u Beljaki kod Despotovca bi\u0107e odr\u017ean 11. Festival etno hrane i obi\u010daja ,, Bela crkva\u201d. Festival se odr\u017eava u nedelju &hellip; <\/p>\n","protected":false},"author":2,"featured_media":31786,"comment_status":"open","ping_status":"open","sticky":false,"template":"","format":"standard","meta":{"footnotes":""},"categories":[1518,5786,1524,2,23,887,3055],"tags":[997,5886,51,998],"_links":{"self":[{"href":"https:\/\/centralmedia.rs\/index.php\/wp-json\/wp\/v2\/posts\/31785"}],"collection":[{"href":"https:\/\/centralmedia.rs\/index.php\/wp-json\/wp\/v2\/posts"}],"about":[{"href":"https:\/\/centralmedia.rs\/index.php\/wp-json\/wp\/v2\/types\/post"}],"author":[{"embeddable":true,"href":"https:\/\/centralmedia.rs\/index.php\/wp-json\/wp\/v2\/users\/2"}],"replies":[{"embeddable":true,"href":"https:\/\/centralmedia.rs\/index.php\/wp-json\/wp\/v2\/comments?post=31785"}],"version-history":[{"count":1,"href":"https:\/\/centralmedia.rs\/index.php\/wp-json\/wp\/v2\/posts\/31785\/revisions"}],"predecessor-version":[{"id":31787,"href":"https:\/\/centralmedia.rs\/index.php\/wp-json\/wp\/v2\/posts\/31785\/revisions\/31787"}],"wp:featuredmedia":[{"embeddable":true,"href":"https:\/\/centralmedia.rs\/index.php\/wp-json\/wp\/v2\/media\/31786"}],"wp:attachment":[{"href":"https:\/\/centralmedia.rs\/index.php\/wp-json\/wp\/v2\/media?parent=31785"}],"wp:term":[{"taxonomy":"category","embeddable":true,"href":"https:\/\/centralmedia.rs\/index.php\/wp-json\/wp\/v2\/categories?post=31785"},{"taxonomy":"post_tag","embeddable":true,"href":"https:\/\/centralmedia.rs\/index.php\/wp-json\/wp\/v2\/tags?post=31785"}],"curies":[{"name":"wp","href":"https:\/\/api.w.org\/{rel}","templated":true}]}}