{"id":31799,"date":"2022-07-01T20:42:55","date_gmt":"2022-07-01T18:42:55","guid":{"rendered":"http:\/\/centralmedia.rs\/?p=31799"},"modified":"2022-07-04T20:43:41","modified_gmt":"2022-07-04T18:43:41","slug":"koprivica-vraticemo-se-na-kosovo-makar-cekali-hiljadu-vidovdana","status":"publish","type":"post","link":"https:\/\/centralmedia.rs\/index.php\/2022\/07\/01\/koprivica-vraticemo-se-na-kosovo-makar-cekali-hiljadu-vidovdana\/","title":{"rendered":"KOPRIVICA: Vrati\u0107emo se na Kosovo makar \u010dekali hiljadu Vidovdana"},"content":{"rendered":"<p>DESPOTOVAC- U \u010dast obele\u017eavanja zavetnog praznika Vidovdana, profesor dr \u010caslav Koprivica odr\u017eao je u Narodnoj biblioteci Resavska \u0161kola u Despotovcu \u00a0predavanje na temu \u201eVidovdanstvo: Istorijsko i svakodnevno bivanje s Vidovdanom&#8221;.<\/p>\n<p>Profesor Koprivica je govorio o zavetnom odnosu nas dana\u0161njih Srba prema Kosovu i Metohiji i nastanku tog zaveta u delima Lazara i Milo\u0161a. Kosovski zavet nastao je u njihovom poznanju i potom \u010dinjenju onoga \u0161to je jedino bilo u skladu sa eti\u010dkim principom srpskog naroda da ne pristaje na ropstvo. Praznik koji slavimo 28. juna, Vidovdan, je s toga, na\u0161a veza sa ve\u010dno\u0161\u0107u. Istinitost Kosovskog boja spojila je prolaznost i neprolaznost i stvorila Zavet, koji za nas i generacije Srba pre nas, zna\u010di obavezu da se zavr\u0161i njihovo delo. Kosovski Zavet ispunjavao se na Ceru, na Mojkovcu, na Kajmak\u010dalanu, na Ko\u0161arama i Pa\u0161triku. Kakva je na\u0161a obaveza u odnosu na Kosovski Zavet? Da ne dopustimo da se prekine, da zavr\u0161imo zavetno predanje pobedom pravde! I da nikada ne odustanemo od Kosova i Metohije. Jer, ako to u\u010dinimo, odustali smo od su\u0161tine na\u0161eg bivstvovanja kao naroda. Zato, kao \u0161to ka\u017ee pesma koju nam je preporu\u010dio profesor Koprivica, vrati\u0107emo se makar \u010dekali hiljadu Vidovdana!<\/p>\n<p>Predavanje uveli\u010dao hor pod rukovodstvom Stanke Backovi\u0107.<\/p>\n<div id='gallery-1' class='gallery galleryid-31799 gallery-columns-3 gallery-size-thumbnail'><figure class='gallery-item'>\n\t\t\t<div class='gallery-icon landscape'>\n\t\t\t\t<a href='https:\/\/centralmedia.rs\/index.php\/2022\/07\/01\/koprivica-vraticemo-se-na-kosovo-makar-cekali-hiljadu-vidovdana\/vidovdan2-3\/'><img loading=\"lazy\" decoding=\"async\" width=\"150\" height=\"150\" src=\"https:\/\/centralmedia.rs\/wp-content\/uploads\/2022\/07\/vidovdan2-150x150.jpg\" class=\"attachment-thumbnail size-thumbnail\" alt=\"\" \/><\/a>\n\t\t\t<\/div><\/figure><figure class='gallery-item'>\n\t\t\t<div class='gallery-icon portrait'>\n\t\t\t\t<a href='https:\/\/centralmedia.rs\/index.php\/2022\/07\/01\/koprivica-vraticemo-se-na-kosovo-makar-cekali-hiljadu-vidovdana\/vidovdan3-3\/'><img loading=\"lazy\" decoding=\"async\" width=\"150\" height=\"150\" src=\"https:\/\/centralmedia.rs\/wp-content\/uploads\/2022\/07\/vidovdan3-150x150.jpg\" class=\"attachment-thumbnail size-thumbnail\" alt=\"\" \/><\/a>\n\t\t\t<\/div><\/figure><figure class='gallery-item'>\n\t\t\t<div class='gallery-icon landscape'>\n\t\t\t\t<a href='https:\/\/centralmedia.rs\/index.php\/2022\/07\/01\/koprivica-vraticemo-se-na-kosovo-makar-cekali-hiljadu-vidovdana\/vidovdan1-3\/'><img loading=\"lazy\" decoding=\"async\" width=\"150\" height=\"150\" src=\"https:\/\/centralmedia.rs\/wp-content\/uploads\/2022\/07\/vidovdan1-150x150.jpg\" class=\"attachment-thumbnail size-thumbnail\" alt=\"\" \/><\/a>\n\t\t\t<\/div><\/figure>\n\t\t<\/div>\n\n","protected":false},"excerpt":{"rendered":"<p>DESPOTOVAC- U \u010dast obele\u017eavanja zavetnog praznika Vidovdana, profesor dr \u010caslav Koprivica odr\u017eao je u Narodnoj biblioteci Resavska \u0161kola u Despotovcu \u00a0predavanje na temu \u201eVidovdanstvo: Istorijsko &hellip; <\/p>\n","protected":false},"author":2,"featured_media":31800,"comment_status":"open","ping_status":"open","sticky":false,"template":"","format":"standard","meta":{"footnotes":""},"categories":[5786,1518,14,1524,2,887,12],"tags":[51,5888,148,903],"_links":{"self":[{"href":"https:\/\/centralmedia.rs\/index.php\/wp-json\/wp\/v2\/posts\/31799"}],"collection":[{"href":"https:\/\/centralmedia.rs\/index.php\/wp-json\/wp\/v2\/posts"}],"about":[{"href":"https:\/\/centralmedia.rs\/index.php\/wp-json\/wp\/v2\/types\/post"}],"author":[{"embeddable":true,"href":"https:\/\/centralmedia.rs\/index.php\/wp-json\/wp\/v2\/users\/2"}],"replies":[{"embeddable":true,"href":"https:\/\/centralmedia.rs\/index.php\/wp-json\/wp\/v2\/comments?post=31799"}],"version-history":[{"count":2,"href":"https:\/\/centralmedia.rs\/index.php\/wp-json\/wp\/v2\/posts\/31799\/revisions"}],"predecessor-version":[{"id":31804,"href":"https:\/\/centralmedia.rs\/index.php\/wp-json\/wp\/v2\/posts\/31799\/revisions\/31804"}],"wp:featuredmedia":[{"embeddable":true,"href":"https:\/\/centralmedia.rs\/index.php\/wp-json\/wp\/v2\/media\/31800"}],"wp:attachment":[{"href":"https:\/\/centralmedia.rs\/index.php\/wp-json\/wp\/v2\/media?parent=31799"}],"wp:term":[{"taxonomy":"category","embeddable":true,"href":"https:\/\/centralmedia.rs\/index.php\/wp-json\/wp\/v2\/categories?post=31799"},{"taxonomy":"post_tag","embeddable":true,"href":"https:\/\/centralmedia.rs\/index.php\/wp-json\/wp\/v2\/tags?post=31799"}],"curies":[{"name":"wp","href":"https:\/\/api.w.org\/{rel}","templated":true}]}}