{"id":3181,"date":"2016-05-21T23:13:30","date_gmt":"2016-05-21T23:13:30","guid":{"rendered":"http:\/\/centralmedia.rs\/?p=3181"},"modified":"2016-05-21T23:14:38","modified_gmt":"2016-05-21T23:14:38","slug":"noc-muzeja-u-cupriji-smeh-kao-lek-dolazi-cirkus","status":"publish","type":"post","link":"https:\/\/centralmedia.rs\/index.php\/2016\/05\/21\/noc-muzeja-u-cupriji-smeh-kao-lek-dolazi-cirkus\/","title":{"rendered":"NO\u0106 MUZEJA U \u0106UPRIJI &#8211; SMEH KAO LEK, DOLAZI CIRKUS"},"content":{"rendered":"<p>\u0106UPRIJA-Tema manifestacije No\u0107 muzeja u \u0106upriji bila je ,,Smeh kao lek, dolazi cirkus\u201c. Autor tematske izlo\u017ebe Mom\u010dilo Trajkovi\u0107-Momo sa kolegama iz \u0106uprije otkrio je \u0106upri\u010danima za\u0161to je smeh lekovit i izlo\u017ebom im podario ,,besplatnu dozu smeha, bez recepta\u201c. Isped zgrade \u0107uprijskog muzeja na svaki sat od 17 do 20 sati \u010duo se pucanj iz tre\u0161njevog topa, zatim je otvorena glamurozna izlo\u017eba, a posetioce je uveseljavao neizbe\u017eni klovn.<a href=\"https:\/\/centralmedia.rs\/wp-content\/uploads\/2016\/05\/noc-muzeja-4-cuprija-g.j.jpg\"><img loading=\"lazy\" decoding=\"async\" src=\"https:\/\/centralmedia.rs\/wp-content\/uploads\/2016\/05\/noc-muzeja-4-cuprija-g.j-300x209.jpg\" alt=\"noc muzeja 4-cuprija-g.j\" width=\"300\" height=\"209\" class=\"alignnone size-medium wp-image-3183\" srcset=\"https:\/\/centralmedia.rs\/wp-content\/uploads\/2016\/05\/noc-muzeja-4-cuprija-g.j-300x209.jpg 300w, https:\/\/centralmedia.rs\/wp-content\/uploads\/2016\/05\/noc-muzeja-4-cuprija-g.j-768x535.jpg 768w, https:\/\/centralmedia.rs\/wp-content\/uploads\/2016\/05\/noc-muzeja-4-cuprija-g.j-100x70.jpg 100w, https:\/\/centralmedia.rs\/wp-content\/uploads\/2016\/05\/noc-muzeja-4-cuprija-g.j.jpg 900w\" sizes=\"(max-width: 300px) 100vw, 300px\" \/><\/a><br \/>\n\t-Svi radovi nastali su ovu izlo\u017ebu, re\u010d je autorima razli\u010ditih tehnika i pristupa, koje povezuje zajedni\u010dka tema smeh i cirkus. Izlo\u017eba je zanimljiva zbog heterogenosti umetni\u010dkog pristupa, ali i formulacije radova, rekao direktor muzeja Novak Novakovi\u0107.<a href=\"https:\/\/centralmedia.rs\/wp-content\/uploads\/2016\/05\/noc-muzeja-2-cuprija-g.j.jpg\"><img loading=\"lazy\" decoding=\"async\" src=\"https:\/\/centralmedia.rs\/wp-content\/uploads\/2016\/05\/noc-muzeja-2-cuprija-g.j-300x199.jpg\" alt=\"noc muzeja 2-cuprija-g.j\" width=\"300\" height=\"199\" class=\"alignnone size-medium wp-image-3184\" srcset=\"https:\/\/centralmedia.rs\/wp-content\/uploads\/2016\/05\/noc-muzeja-2-cuprija-g.j-300x199.jpg 300w, https:\/\/centralmedia.rs\/wp-content\/uploads\/2016\/05\/noc-muzeja-2-cuprija-g.j-768x510.jpg 768w, https:\/\/centralmedia.rs\/wp-content\/uploads\/2016\/05\/noc-muzeja-2-cuprija-g.j.jpg 904w\" sizes=\"(max-width: 300px) 100vw, 300px\" \/><\/a><br \/>\nNa izlo\u017ebi je postavljen selfi ram gde su posetioci mogli da se fotografi\u0161u i slike postave na stranicu muzeja, a najbolja fotografija dobi\u0107e nagradu. <figure id=\"attachment_3185\" aria-describedby=\"caption-attachment-3185\" style=\"width: 300px\" class=\"wp-caption alignnone\"><a href=\"https:\/\/centralmedia.rs\/wp-content\/uploads\/2016\/05\/momcilo-trajkovic-momo-cuprija-g.j..jpg\"><img loading=\"lazy\" decoding=\"async\" src=\"https:\/\/centralmedia.rs\/wp-content\/uploads\/2016\/05\/momcilo-trajkovic-momo-cuprija-g.j.-300x225.jpg\" alt=\"Mom\u010dilo Trajkovi\u0107 Momo\" width=\"300\" height=\"225\" class=\"size-medium wp-image-3185\" srcset=\"https:\/\/centralmedia.rs\/wp-content\/uploads\/2016\/05\/momcilo-trajkovic-momo-cuprija-g.j.-300x225.jpg 300w, https:\/\/centralmedia.rs\/wp-content\/uploads\/2016\/05\/momcilo-trajkovic-momo-cuprija-g.j.-768x576.jpg 768w, https:\/\/centralmedia.rs\/wp-content\/uploads\/2016\/05\/momcilo-trajkovic-momo-cuprija-g.j.-80x60.jpg 80w, https:\/\/centralmedia.rs\/wp-content\/uploads\/2016\/05\/momcilo-trajkovic-momo-cuprija-g.j.-265x198.jpg 265w, https:\/\/centralmedia.rs\/wp-content\/uploads\/2016\/05\/momcilo-trajkovic-momo-cuprija-g.j..jpg 900w\" sizes=\"(max-width: 300px) 100vw, 300px\" \/><\/a><figcaption id=\"caption-attachment-3185\" class=\"wp-caption-text\">Mom\u010dilo Trajkovi\u0107 Momo<\/figcaption><\/figure><br \/>\n       -Nekoga ubije pesma, nekoga prejaka re\u010d, a mene tema. Ovu temu sam predvideo, bio sam vidovit i nisam mogao da odolim. Ja sam deda sa du\u0161om deteta. Ovo mi je tre\u0107i put da radim temu za No\u0107 muzeja, voleo bih da do\u0111e neko mla\u0111i, rekao je autor izlo\u017ebe i nadrilekar za smeh Momo.  <a href=\"https:\/\/centralmedia.rs\/wp-content\/uploads\/2016\/05\/noc-muzeja-5-cuprija-g.j.jpg\"><img loading=\"lazy\" decoding=\"async\" src=\"https:\/\/centralmedia.rs\/wp-content\/uploads\/2016\/05\/noc-muzeja-5-cuprija-g.j-300x241.jpg\" alt=\"noc muzeja 5-cuprija-g.j\" width=\"300\" height=\"241\" class=\"alignnone size-medium wp-image-3186\" srcset=\"https:\/\/centralmedia.rs\/wp-content\/uploads\/2016\/05\/noc-muzeja-5-cuprija-g.j-300x241.jpg 300w, https:\/\/centralmedia.rs\/wp-content\/uploads\/2016\/05\/noc-muzeja-5-cuprija-g.j-768x617.jpg 768w, https:\/\/centralmedia.rs\/wp-content\/uploads\/2016\/05\/noc-muzeja-5-cuprija-g.j.jpg 900w\" sizes=\"(max-width: 300px) 100vw, 300px\" \/><\/a><br \/>\nIzlo\u017eba \u0107e biti otvorena naredne dve nedelje.<br \/>\n<a href=\"https:\/\/centralmedia.rs\/wp-content\/uploads\/2016\/05\/pucanj-tresnjevog-topa-cuprija-g.j..jpg\"><img loading=\"lazy\" decoding=\"async\" src=\"https:\/\/centralmedia.rs\/wp-content\/uploads\/2016\/05\/pucanj-tresnjevog-topa-cuprija-g.j.-300x225.jpg\" alt=\"pucanj tresnjevog topa-cuprija-g.j.\" width=\"300\" height=\"225\" class=\"alignnone size-medium wp-image-3187\" srcset=\"https:\/\/centralmedia.rs\/wp-content\/uploads\/2016\/05\/pucanj-tresnjevog-topa-cuprija-g.j.-300x225.jpg 300w, https:\/\/centralmedia.rs\/wp-content\/uploads\/2016\/05\/pucanj-tresnjevog-topa-cuprija-g.j.-768x576.jpg 768w, https:\/\/centralmedia.rs\/wp-content\/uploads\/2016\/05\/pucanj-tresnjevog-topa-cuprija-g.j.-80x60.jpg 80w, https:\/\/centralmedia.rs\/wp-content\/uploads\/2016\/05\/pucanj-tresnjevog-topa-cuprija-g.j.-265x198.jpg 265w, https:\/\/centralmedia.rs\/wp-content\/uploads\/2016\/05\/pucanj-tresnjevog-topa-cuprija-g.j..jpg 900w\" sizes=\"(max-width: 300px) 100vw, 300px\" \/><\/a><\/p>\n","protected":false},"excerpt":{"rendered":"<p>\u0106UPRIJA-Tema manifestacije No\u0107 muzeja u \u0106upriji bila je ,,Smeh kao lek, dolazi cirkus\u201c. Autor tematske izlo\u017ebe Mom\u010dilo Trajkovi\u0107-Momo sa kolegama iz \u0106uprije otkrio je \u0106upri\u010danima &hellip; <\/p>\n","protected":false},"author":4,"featured_media":3182,"comment_status":"open","ping_status":"open","sticky":false,"template":"","format":"standard","meta":{"footnotes":""},"categories":[2,15,12],"tags":[822,44,821],"_links":{"self":[{"href":"https:\/\/centralmedia.rs\/index.php\/wp-json\/wp\/v2\/posts\/3181"}],"collection":[{"href":"https:\/\/centralmedia.rs\/index.php\/wp-json\/wp\/v2\/posts"}],"about":[{"href":"https:\/\/centralmedia.rs\/index.php\/wp-json\/wp\/v2\/types\/post"}],"author":[{"embeddable":true,"href":"https:\/\/centralmedia.rs\/index.php\/wp-json\/wp\/v2\/users\/4"}],"replies":[{"embeddable":true,"href":"https:\/\/centralmedia.rs\/index.php\/wp-json\/wp\/v2\/comments?post=3181"}],"version-history":[{"count":0,"href":"https:\/\/centralmedia.rs\/index.php\/wp-json\/wp\/v2\/posts\/3181\/revisions"}],"wp:featuredmedia":[{"embeddable":true,"href":"https:\/\/centralmedia.rs\/index.php\/wp-json\/wp\/v2\/media\/3182"}],"wp:attachment":[{"href":"https:\/\/centralmedia.rs\/index.php\/wp-json\/wp\/v2\/media?parent=3181"}],"wp:term":[{"taxonomy":"category","embeddable":true,"href":"https:\/\/centralmedia.rs\/index.php\/wp-json\/wp\/v2\/categories?post=3181"},{"taxonomy":"post_tag","embeddable":true,"href":"https:\/\/centralmedia.rs\/index.php\/wp-json\/wp\/v2\/tags?post=3181"}],"curies":[{"name":"wp","href":"https:\/\/api.w.org\/{rel}","templated":true}]}}