{"id":31813,"date":"2022-07-04T20:58:29","date_gmt":"2022-07-04T18:58:29","guid":{"rendered":"http:\/\/centralmedia.rs\/?p=31813"},"modified":"2022-07-05T22:00:12","modified_gmt":"2022-07-05T20:00:12","slug":"medunarodni-festival-folklora-u-svilajncu","status":"publish","type":"post","link":"https:\/\/centralmedia.rs\/index.php\/2022\/07\/04\/medunarodni-festival-folklora-u-svilajncu\/","title":{"rendered":"ME\u0110UNARODNI FESTIVAL FOLKLORA U SVILAJNCU"},"content":{"rendered":"<p>SVILAJNAC- U utorak, 5. jul u 20.30 sati kre\u0107e defile folklora od Centra za kulturu do Trga Stevana Sin\u0111eli\u0107a u Svilajncu.\u00a0 Na Me\u0111unarodnom festivalu folkora na Trgu Stevana Sin\u0111eli\u0107a u\u010destvuju folkori iz \u00a0Meksika, Gr\u010dke, Bugarske,Tunisa, Rumunije, Poljske i Turske.<\/p>\n<p><img loading=\"lazy\" decoding=\"async\" class=\"alignnone wp-image-31814 size-large\" src=\"http:\/\/centralmedia.rs\/wp-content\/uploads\/2022\/07\/folklor-731x1024.jpg\" alt=\"\" width=\"640\" height=\"897\" srcset=\"https:\/\/centralmedia.rs\/wp-content\/uploads\/2022\/07\/folklor-731x1024.jpg 731w, https:\/\/centralmedia.rs\/wp-content\/uploads\/2022\/07\/folklor-214x300.jpg 214w, https:\/\/centralmedia.rs\/wp-content\/uploads\/2022\/07\/folklor-300x420.jpg 300w, https:\/\/centralmedia.rs\/wp-content\/uploads\/2022\/07\/folklor-640x896.jpg 640w, https:\/\/centralmedia.rs\/wp-content\/uploads\/2022\/07\/folklor-681x953.jpg 681w, https:\/\/centralmedia.rs\/wp-content\/uploads\/2022\/07\/folklor.jpg 750w\" sizes=\"(max-width: 640px) 100vw, 640px\" \/><\/p>\n","protected":false},"excerpt":{"rendered":"<p>SVILAJNAC- U utorak, 5. jul u 20.30 sati kre\u0107e defile folklora od Centra za kulturu do Trga Stevana Sin\u0111eli\u0107a u Svilajncu.\u00a0 Na Me\u0111unarodnom festivalu folkora &hellip; <\/p>\n","protected":false},"author":2,"featured_media":31814,"comment_status":"open","ping_status":"open","sticky":false,"template":"","format":"standard","meta":{"footnotes":""},"categories":[1524,2,15,887,12,1517,5785],"tags":[3181,5612,38],"_links":{"self":[{"href":"https:\/\/centralmedia.rs\/index.php\/wp-json\/wp\/v2\/posts\/31813"}],"collection":[{"href":"https:\/\/centralmedia.rs\/index.php\/wp-json\/wp\/v2\/posts"}],"about":[{"href":"https:\/\/centralmedia.rs\/index.php\/wp-json\/wp\/v2\/types\/post"}],"author":[{"embeddable":true,"href":"https:\/\/centralmedia.rs\/index.php\/wp-json\/wp\/v2\/users\/2"}],"replies":[{"embeddable":true,"href":"https:\/\/centralmedia.rs\/index.php\/wp-json\/wp\/v2\/comments?post=31813"}],"version-history":[{"count":2,"href":"https:\/\/centralmedia.rs\/index.php\/wp-json\/wp\/v2\/posts\/31813\/revisions"}],"predecessor-version":[{"id":31816,"href":"https:\/\/centralmedia.rs\/index.php\/wp-json\/wp\/v2\/posts\/31813\/revisions\/31816"}],"wp:featuredmedia":[{"embeddable":true,"href":"https:\/\/centralmedia.rs\/index.php\/wp-json\/wp\/v2\/media\/31814"}],"wp:attachment":[{"href":"https:\/\/centralmedia.rs\/index.php\/wp-json\/wp\/v2\/media?parent=31813"}],"wp:term":[{"taxonomy":"category","embeddable":true,"href":"https:\/\/centralmedia.rs\/index.php\/wp-json\/wp\/v2\/categories?post=31813"},{"taxonomy":"post_tag","embeddable":true,"href":"https:\/\/centralmedia.rs\/index.php\/wp-json\/wp\/v2\/tags?post=31813"}],"curies":[{"name":"wp","href":"https:\/\/api.w.org\/{rel}","templated":true}]}}