{"id":31817,"date":"2022-07-04T21:02:50","date_gmt":"2022-07-04T19:02:50","guid":{"rendered":"http:\/\/centralmedia.rs\/?p=31817"},"modified":"2022-07-09T11:59:11","modified_gmt":"2022-07-09T09:59:11","slug":"zemlja-dembelija","status":"publish","type":"post","link":"https:\/\/centralmedia.rs\/index.php\/2022\/07\/04\/zemlja-dembelija\/","title":{"rendered":"ZEMLJA DEMBELIJA"},"content":{"rendered":"<p>SVILAJNAC- Predstava Zemlja dembelija u \u010detvrtak, 7. jula u 20.30 na Trgu Stevana Sin\u0111eli\u0107a u Svilajncu. U predstavi igraju Milan Paji\u0107 &#8211; de\u010dak Sre\u0107ko,Vladimir Popovi\u0107 &#8211; Fudbaler, Kuvar, Kauboj I Marija Pu\u0161karov &#8211; Mama.<\/p>\n<p><img loading=\"lazy\" decoding=\"async\" class=\"alignnone wp-image-31818 size-large\" src=\"http:\/\/centralmedia.rs\/wp-content\/uploads\/2022\/07\/dembelija-732x1024.jpg\" alt=\"\" width=\"640\" height=\"895\" srcset=\"https:\/\/centralmedia.rs\/wp-content\/uploads\/2022\/07\/dembelija-732x1024.jpg 732w, https:\/\/centralmedia.rs\/wp-content\/uploads\/2022\/07\/dembelija-214x300.jpg 214w, https:\/\/centralmedia.rs\/wp-content\/uploads\/2022\/07\/dembelija-768x1075.jpg 768w, https:\/\/centralmedia.rs\/wp-content\/uploads\/2022\/07\/dembelija-300x420.jpg 300w, https:\/\/centralmedia.rs\/wp-content\/uploads\/2022\/07\/dembelija-640x896.jpg 640w, https:\/\/centralmedia.rs\/wp-content\/uploads\/2022\/07\/dembelija-681x953.jpg 681w, https:\/\/centralmedia.rs\/wp-content\/uploads\/2022\/07\/dembelija.jpg 1463w\" sizes=\"(max-width: 640px) 100vw, 640px\" \/><\/p>\n<p>Sre\u0107ko je de\u010dak, koji je kao i ve\u0107ina njegovih vr\u0161njaka opsednut igricama. U neprestanom je ratu sa mamom, jer \u017eeli da jede isklju\u010divo brzu hranu, pije gazirane sokove i ceo dan provodi na kompjuteru. Jednog dana odlu\u010dio je da pobegne od ku\u0107e u&#8230; zemlju Dembeliju. \u0160ta ga o\u010dekuje na tom putovanju vide\u0107ete u predstavi.<\/p>\n","protected":false},"excerpt":{"rendered":"<p>SVILAJNAC- Predstava Zemlja dembelija u \u010detvrtak, 7. jula u 20.30 na Trgu Stevana Sin\u0111eli\u0107a u Svilajncu. U predstavi igraju Milan Paji\u0107 &#8211; de\u010dak Sre\u0107ko,Vladimir Popovi\u0107 &hellip; <\/p>\n","protected":false},"author":2,"featured_media":31818,"comment_status":"open","ping_status":"open","sticky":false,"template":"","format":"standard","meta":{"footnotes":""},"categories":[1524,2,15,887,12,1517,5785],"tags":[38,5890],"_links":{"self":[{"href":"https:\/\/centralmedia.rs\/index.php\/wp-json\/wp\/v2\/posts\/31817"}],"collection":[{"href":"https:\/\/centralmedia.rs\/index.php\/wp-json\/wp\/v2\/posts"}],"about":[{"href":"https:\/\/centralmedia.rs\/index.php\/wp-json\/wp\/v2\/types\/post"}],"author":[{"embeddable":true,"href":"https:\/\/centralmedia.rs\/index.php\/wp-json\/wp\/v2\/users\/2"}],"replies":[{"embeddable":true,"href":"https:\/\/centralmedia.rs\/index.php\/wp-json\/wp\/v2\/comments?post=31817"}],"version-history":[{"count":1,"href":"https:\/\/centralmedia.rs\/index.php\/wp-json\/wp\/v2\/posts\/31817\/revisions"}],"predecessor-version":[{"id":31819,"href":"https:\/\/centralmedia.rs\/index.php\/wp-json\/wp\/v2\/posts\/31817\/revisions\/31819"}],"wp:featuredmedia":[{"embeddable":true,"href":"https:\/\/centralmedia.rs\/index.php\/wp-json\/wp\/v2\/media\/31818"}],"wp:attachment":[{"href":"https:\/\/centralmedia.rs\/index.php\/wp-json\/wp\/v2\/media?parent=31817"}],"wp:term":[{"taxonomy":"category","embeddable":true,"href":"https:\/\/centralmedia.rs\/index.php\/wp-json\/wp\/v2\/categories?post=31817"},{"taxonomy":"post_tag","embeddable":true,"href":"https:\/\/centralmedia.rs\/index.php\/wp-json\/wp\/v2\/tags?post=31817"}],"curies":[{"name":"wp","href":"https:\/\/api.w.org\/{rel}","templated":true}]}}