{"id":31820,"date":"2022-07-05T21:59:09","date_gmt":"2022-07-05T19:59:09","guid":{"rendered":"http:\/\/centralmedia.rs\/?p=31820"},"modified":"2022-07-12T18:19:05","modified_gmt":"2022-07-12T16:19:05","slug":"planetarijum-u-nedelju-u-svilajncu","status":"publish","type":"post","link":"https:\/\/centralmedia.rs\/index.php\/2022\/07\/05\/planetarijum-u-nedelju-u-svilajncu\/","title":{"rendered":"PLANETARIJUM U NEDELJU U SVILAJNCU"},"content":{"rendered":"<p>SVILAJNAC- U nedelju 10. jula u Prirodnja\u010dkom centru u Svilajncu gostuje Planetarijum iz Beograda. Posetioci \u0107e se u terminima od 16, 17, 18 i 19 \u010dasova upoznati sa na\u0161om galaksijom, saznati vi\u0161e od zvezdama i planetama u Sun\u010devom sistemu, kao i sa svim zakonima koji va\u017ee u kosmosu.<\/p>\n<p><img loading=\"lazy\" decoding=\"async\" class=\"alignnone wp-image-31821 size-large\" src=\"http:\/\/centralmedia.rs\/wp-content\/uploads\/2022\/07\/Planetarijum-najava-1024x1024.jpg\" alt=\"\" width=\"640\" height=\"640\" srcset=\"https:\/\/centralmedia.rs\/wp-content\/uploads\/2022\/07\/Planetarijum-najava-1024x1024.jpg 1024w, https:\/\/centralmedia.rs\/wp-content\/uploads\/2022\/07\/Planetarijum-najava-150x150.jpg 150w, https:\/\/centralmedia.rs\/wp-content\/uploads\/2022\/07\/Planetarijum-najava-300x300.jpg 300w, https:\/\/centralmedia.rs\/wp-content\/uploads\/2022\/07\/Planetarijum-najava-768x768.jpg 768w, https:\/\/centralmedia.rs\/wp-content\/uploads\/2022\/07\/Planetarijum-najava-420x420.jpg 420w, https:\/\/centralmedia.rs\/wp-content\/uploads\/2022\/07\/Planetarijum-najava-640x640.jpg 640w, https:\/\/centralmedia.rs\/wp-content\/uploads\/2022\/07\/Planetarijum-najava-681x681.jpg 681w, https:\/\/centralmedia.rs\/wp-content\/uploads\/2022\/07\/Planetarijum-najava.jpg 1080w\" sizes=\"(max-width: 640px) 100vw, 640px\" \/><\/p>\n<p>-Da je astronomija oblast koja privla\u010di posetioce dokazali smo i velikim interesovanjem za na\u0161u novu izlo\u017ebu \u201cNebesko kamenje\u201d, koja predstavlja najraznovrsniju kolekciju meteorita na jednom mestu u regionu. Trudimo se da uvek pratimo interesovanja na\u0161e publike i da na zabavan i interaktivan na\u010din prenesemo znanja. Planetarijum \u0107e nam u tome pomo\u0107i, zato do\u0111ite i kroz zabavu nau\u010dite i do\u017eivite na\u0161u galaksiju, najavio je Stefan Radevi\u0107, kustos Prirodnja\u010dkog centra u Svilajncu.<\/p>\n<p>Tokom letnje sezone radno vreme Prirodnja\u010dkog centra je od 10 do 19 \u010dasova radnim danima i od 10 d0 20 \u010dasova vikendima, a svi posetioci uz kupljenu kartu za Prirodnja\u010dki centra dobijaju i besplatan ulaz na gradske bazene koji se nalaze u neposrednoj blizini kompleksa.<\/p>\n<p>Prirodnja\u010dki centar pripremio je bogatu letnju ponudu. Posetioce svakog vikenda do kraja leta o\u010dekuju mnogobrojne predstave, koncerti, edukativne i kreativne radionice i manifestacije.<\/p>\n","protected":false},"excerpt":{"rendered":"<p>SVILAJNAC- U nedelju 10. jula u Prirodnja\u010dkom centru u Svilajncu gostuje Planetarijum iz Beograda. Posetioci \u0107e se u terminima od 16, 17, 18 i 19 &hellip; <\/p>\n","protected":false},"author":2,"featured_media":31821,"comment_status":"open","ping_status":"open","sticky":false,"template":"","format":"standard","meta":{"footnotes":""},"categories":[1524,2,23,887,1517,5785,30],"tags":[5891,288,38],"_links":{"self":[{"href":"https:\/\/centralmedia.rs\/index.php\/wp-json\/wp\/v2\/posts\/31820"}],"collection":[{"href":"https:\/\/centralmedia.rs\/index.php\/wp-json\/wp\/v2\/posts"}],"about":[{"href":"https:\/\/centralmedia.rs\/index.php\/wp-json\/wp\/v2\/types\/post"}],"author":[{"embeddable":true,"href":"https:\/\/centralmedia.rs\/index.php\/wp-json\/wp\/v2\/users\/2"}],"replies":[{"embeddable":true,"href":"https:\/\/centralmedia.rs\/index.php\/wp-json\/wp\/v2\/comments?post=31820"}],"version-history":[{"count":1,"href":"https:\/\/centralmedia.rs\/index.php\/wp-json\/wp\/v2\/posts\/31820\/revisions"}],"predecessor-version":[{"id":31822,"href":"https:\/\/centralmedia.rs\/index.php\/wp-json\/wp\/v2\/posts\/31820\/revisions\/31822"}],"wp:featuredmedia":[{"embeddable":true,"href":"https:\/\/centralmedia.rs\/index.php\/wp-json\/wp\/v2\/media\/31821"}],"wp:attachment":[{"href":"https:\/\/centralmedia.rs\/index.php\/wp-json\/wp\/v2\/media?parent=31820"}],"wp:term":[{"taxonomy":"category","embeddable":true,"href":"https:\/\/centralmedia.rs\/index.php\/wp-json\/wp\/v2\/categories?post=31820"},{"taxonomy":"post_tag","embeddable":true,"href":"https:\/\/centralmedia.rs\/index.php\/wp-json\/wp\/v2\/tags?post=31820"}],"curies":[{"name":"wp","href":"https:\/\/api.w.org\/{rel}","templated":true}]}}