{"id":31839,"date":"2022-07-09T12:14:04","date_gmt":"2022-07-09T10:14:04","guid":{"rendered":"http:\/\/centralmedia.rs\/?p=31839"},"modified":"2022-07-12T18:18:51","modified_gmt":"2022-07-12T16:18:51","slug":"akcijasi-i-volonteri-u-jagodini","status":"publish","type":"post","link":"https:\/\/centralmedia.rs\/index.php\/2022\/07\/09\/akcijasi-i-volonteri-u-jagodini\/","title":{"rendered":"AKCIJA\u0160I I VOLONTERI U JAGODINI"},"content":{"rendered":"<p>JAGODINA-U toku je 2. Me\u0111unarodni susret akcija\u0161a i volontera u Jagodini od 8 do 10. jula. Susret je po\u010deo postrojavanjem akcija\u0161a i volontera, a povod\u00a0 je okupljanje nekada\u0161njih u\u010denika radnih akcija u biv\u0161oj SFRJ.<\/p>\n<div id='gallery-1' class='gallery galleryid-31839 gallery-columns-3 gallery-size-thumbnail'><figure class='gallery-item'>\n\t\t\t<div class='gallery-icon landscape'>\n\t\t\t\t<a href='https:\/\/centralmedia.rs\/index.php\/2022\/07\/09\/akcijasi-i-volonteri-u-jagodini\/akcijasi1\/'><img loading=\"lazy\" decoding=\"async\" width=\"150\" height=\"150\" src=\"https:\/\/centralmedia.rs\/wp-content\/uploads\/2022\/07\/akcijasi1-150x150.jpg\" class=\"attachment-thumbnail size-thumbnail\" alt=\"\" \/><\/a>\n\t\t\t<\/div><\/figure><figure class='gallery-item'>\n\t\t\t<div class='gallery-icon landscape'>\n\t\t\t\t<a href='https:\/\/centralmedia.rs\/index.php\/2022\/07\/09\/akcijasi-i-volonteri-u-jagodini\/akcijasi2\/'><img loading=\"lazy\" decoding=\"async\" width=\"150\" height=\"150\" src=\"https:\/\/centralmedia.rs\/wp-content\/uploads\/2022\/07\/akcijasi2-150x150.jpg\" class=\"attachment-thumbnail size-thumbnail\" alt=\"\" \/><\/a>\n\t\t\t<\/div><\/figure><figure class='gallery-item'>\n\t\t\t<div class='gallery-icon portrait'>\n\t\t\t\t<a href='https:\/\/centralmedia.rs\/index.php\/2022\/07\/09\/akcijasi-i-volonteri-u-jagodini\/akcijasi3\/'><img loading=\"lazy\" decoding=\"async\" width=\"150\" height=\"150\" src=\"https:\/\/centralmedia.rs\/wp-content\/uploads\/2022\/07\/akcijasi3-150x150.jpg\" class=\"attachment-thumbnail size-thumbnail\" alt=\"\" \/><\/a>\n\t\t\t<\/div><\/figure>\n\t\t<\/div>\n\n<p>Planirani radni zadaci su zbog lo\u0161eg vremena prilago\u0111eni zatvorenom prostoru. Najmla\u0111i u\u010desnik ima 10 godina, a najstariji 86. Prisutni su akcija\u0161i i volonteri iz Srbije, BIH, Makedonije i Slovenije. Organizator susreta su jagodinski akcija\u0161i i volonteri uz pomo\u0107 lokalne samouprave.<\/p>\n<p>-Okupilo se oko 200 akcija\u0161a i volontera, najvi\u0161e iz Srbije i Jagodine. Ideja je tinjala ve\u0107 20 godina, a posle formiranja udru\u017eenja pro\u0161ele godine po\u010deli smo sa organizacijom \u00a0susreta. U\u010desnik sam 13 radnih akcija, to su nezaboravni trenuci, pri\u010da akcija\u0161 Dejan Novakovi\u0107.<\/p>\n<p>Nije re\u010d o ideolo\u0161koj manifestaciji, iako su pojedinci ikonografijom imali nameru da ,,oboje&#8221; skup, \u0161to svakako nije umanjilo zna\u010daj.<\/p>\n","protected":false},"excerpt":{"rendered":"<p>JAGODINA-U toku je 2. Me\u0111unarodni susret akcija\u0161a i volontera u Jagodini od 8 do 10. jula. Susret je po\u010deo postrojavanjem akcija\u0161a i volontera, a povod\u00a0 &hellip; <\/p>\n","protected":false},"author":2,"featured_media":31840,"comment_status":"open","ping_status":"open","sticky":false,"template":"","format":"standard","meta":{"footnotes":""},"categories":[14,1524,2,1514,5643,887,12],"tags":[5703,58,1020],"_links":{"self":[{"href":"https:\/\/centralmedia.rs\/index.php\/wp-json\/wp\/v2\/posts\/31839"}],"collection":[{"href":"https:\/\/centralmedia.rs\/index.php\/wp-json\/wp\/v2\/posts"}],"about":[{"href":"https:\/\/centralmedia.rs\/index.php\/wp-json\/wp\/v2\/types\/post"}],"author":[{"embeddable":true,"href":"https:\/\/centralmedia.rs\/index.php\/wp-json\/wp\/v2\/users\/2"}],"replies":[{"embeddable":true,"href":"https:\/\/centralmedia.rs\/index.php\/wp-json\/wp\/v2\/comments?post=31839"}],"version-history":[{"count":1,"href":"https:\/\/centralmedia.rs\/index.php\/wp-json\/wp\/v2\/posts\/31839\/revisions"}],"predecessor-version":[{"id":31844,"href":"https:\/\/centralmedia.rs\/index.php\/wp-json\/wp\/v2\/posts\/31839\/revisions\/31844"}],"wp:featuredmedia":[{"embeddable":true,"href":"https:\/\/centralmedia.rs\/index.php\/wp-json\/wp\/v2\/media\/31840"}],"wp:attachment":[{"href":"https:\/\/centralmedia.rs\/index.php\/wp-json\/wp\/v2\/media?parent=31839"}],"wp:term":[{"taxonomy":"category","embeddable":true,"href":"https:\/\/centralmedia.rs\/index.php\/wp-json\/wp\/v2\/categories?post=31839"},{"taxonomy":"post_tag","embeddable":true,"href":"https:\/\/centralmedia.rs\/index.php\/wp-json\/wp\/v2\/tags?post=31839"}],"curies":[{"name":"wp","href":"https:\/\/api.w.org\/{rel}","templated":true}]}}