{"id":31851,"date":"2022-07-11T20:56:14","date_gmt":"2022-07-11T18:56:14","guid":{"rendered":"http:\/\/centralmedia.rs\/?p=31851"},"modified":"2022-07-18T15:56:39","modified_gmt":"2022-07-18T13:56:39","slug":"30-godina-genocida-bez-kazne-parastos-mucki-stradalim-srbima-na-petrovdan-u-srebrenickim-selima","status":"publish","type":"post","link":"https:\/\/centralmedia.rs\/index.php\/2022\/07\/11\/30-godina-genocida-bez-kazne-parastos-mucki-stradalim-srbima-na-petrovdan-u-srebrenickim-selima\/","title":{"rendered":"30 godina genocida bez kazne &#8211; Parastos  mu\u010dki stradalim Srbima na Petrovdan u srebreni\u010dkim selima"},"content":{"rendered":"<p>U Zalazju \u0107e sutra verskim parastosom biti obe\u017eeno 30 godina od stradanja 69 Srba na Petrovdan 1992. godine u srebreni\u010dkim selima Sase i Zalazje i bratuna\u010dkim Bilja\u010da i Zagoni. Genocid bez kazne, jo\u0161 niko nije odgovarao za sistematsko etni\u010dko \u010di\u0161\u0107enje Srba sa ovih prostora, gde je ubijeno 3267 Srba.<\/p>\n<div id='gallery-1' class='gallery galleryid-31851 gallery-columns-7 gallery-size-thumbnail'><figure class='gallery-item'>\n\t\t\t<div class='gallery-icon landscape'>\n\t\t\t\t<a href='https:\/\/centralmedia.rs\/index.php\/2022\/07\/11\/30-godina-genocida-bez-kazne-parastos-mucki-stradalim-srbima-na-petrovdan-u-srebrenickim-selima\/srebrenica\/'><img loading=\"lazy\" decoding=\"async\" width=\"150\" height=\"150\" src=\"https:\/\/centralmedia.rs\/wp-content\/uploads\/2022\/07\/srebrenica-150x150.jpg\" class=\"attachment-thumbnail size-thumbnail\" alt=\"\" \/><\/a>\n\t\t\t<\/div><\/figure><figure class='gallery-item'>\n\t\t\t<div class='gallery-icon landscape'>\n\t\t\t\t<a href='https:\/\/centralmedia.rs\/index.php\/2022\/07\/11\/30-godina-genocida-bez-kazne-parastos-mucki-stradalim-srbima-na-petrovdan-u-srebrenickim-selima\/transgeneracijski-genocid\/'><img loading=\"lazy\" decoding=\"async\" width=\"150\" height=\"150\" src=\"https:\/\/centralmedia.rs\/wp-content\/uploads\/2022\/07\/transgeneracijski-genocid-150x150.jpg\" class=\"attachment-thumbnail size-thumbnail\" alt=\"\" \/><\/a>\n\t\t\t<\/div><\/figure><figure class='gallery-item'>\n\t\t\t<div class='gallery-icon landscape'>\n\t\t\t\t<a href='https:\/\/centralmedia.rs\/index.php\/2022\/07\/11\/30-godina-genocida-bez-kazne-parastos-mucki-stradalim-srbima-na-petrovdan-u-srebrenickim-selima\/ubijeni-srbi1\/'><img loading=\"lazy\" decoding=\"async\" width=\"150\" height=\"150\" src=\"https:\/\/centralmedia.rs\/wp-content\/uploads\/2022\/07\/ubijeni-srbi1-150x150.jpg\" class=\"attachment-thumbnail size-thumbnail\" alt=\"\" \/><\/a>\n\t\t\t<\/div><\/figure><figure class='gallery-item'>\n\t\t\t<div class='gallery-icon landscape'>\n\t\t\t\t<a href='https:\/\/centralmedia.rs\/index.php\/2022\/07\/11\/30-godina-genocida-bez-kazne-parastos-mucki-stradalim-srbima-na-petrovdan-u-srebrenickim-selima\/ubijeni-srbi2\/'><img loading=\"lazy\" decoding=\"async\" width=\"150\" height=\"150\" src=\"https:\/\/centralmedia.rs\/wp-content\/uploads\/2022\/07\/ubijeni-srbi2-150x150.jpg\" class=\"attachment-thumbnail size-thumbnail\" alt=\"\" \/><\/a>\n\t\t\t<\/div><\/figure><figure class='gallery-item'>\n\t\t\t<div class='gallery-icon landscape'>\n\t\t\t\t<a href='https:\/\/centralmedia.rs\/index.php\/2022\/07\/11\/30-godina-genocida-bez-kazne-parastos-mucki-stradalim-srbima-na-petrovdan-u-srebrenickim-selima\/zalazje\/'><img loading=\"lazy\" decoding=\"async\" width=\"150\" height=\"150\" src=\"https:\/\/centralmedia.rs\/wp-content\/uploads\/2022\/07\/zalazje-150x150.jpg\" class=\"attachment-thumbnail size-thumbnail\" alt=\"\" \/><\/a>\n\t\t\t<\/div><\/figure><figure class='gallery-item'>\n\t\t\t<div class='gallery-icon landscape'>\n\t\t\t\t<a href='https:\/\/centralmedia.rs\/index.php\/2022\/07\/11\/30-godina-genocida-bez-kazne-parastos-mucki-stradalim-srbima-na-petrovdan-u-srebrenickim-selima\/zlocin\/'><img loading=\"lazy\" decoding=\"async\" width=\"150\" height=\"150\" src=\"https:\/\/centralmedia.rs\/wp-content\/uploads\/2022\/07\/zlo\u010din-150x150.jpg\" class=\"attachment-thumbnail size-thumbnail\" alt=\"\" \/><\/a>\n\t\t\t<\/div><\/figure><figure class='gallery-item'>\n\t\t\t<div class='gallery-icon landscape'>\n\t\t\t\t<a href='https:\/\/centralmedia.rs\/index.php\/2022\/07\/11\/30-godina-genocida-bez-kazne-parastos-mucki-stradalim-srbima-na-petrovdan-u-srebrenickim-selima\/ubijeni-srbi\/'><img loading=\"lazy\" decoding=\"async\" width=\"150\" height=\"150\" src=\"https:\/\/centralmedia.rs\/wp-content\/uploads\/2022\/07\/ubijeni-srbi-150x150.jpg\" class=\"attachment-thumbnail size-thumbnail\" alt=\"\" \/><\/a>\n\t\t\t<\/div><\/figure>\n\t\t<\/div>\n\n<p>Sveta liturgija bi\u0107e slu\u017eena u crkvi Pokrova Presvete Bogorodice u Srebrenici, \u010dlanovi porodica poginulih i gra\u0111ani poseti\u0107e mesta stradanja, polo\u017eiti cvije\u0107e I upaliti sve\u0107e za pokoj du\u0161a nastradalih na groblju u Bratuncu i strati\u0161tima u Bilja\u010di i Sasama.<\/p>\n<p>Kod spomenika i kosturnice na Zalazju u 12.30 \u010dasova bi\u0107e slu\u017een parastos za Srbe ubijene na Petrovdan 1992. godine, kao i za sve ostale srpske vojnike i civile iz ove op\u0161tine poginule u Odbrambeno-otad\u017ebinskom ratu, ali i \u017ertvama ovog sela koje su ubile usta\u0161e drugi dan Troj\u010dindana 1943. godine.<\/p>\n<p>Time \u0107e biti zavr\u0161en program tradicionalne memorijalne manifestacije ,,Petrovdanski dani\u201c \u00a0koja se organizuje u znak sje\u0107anja na poginule Srbe.<\/p>\n<p>Nastavljaju\u0107i sistematsko plansko etni\u010dko \u010di\u0161\u0107enje srpskih prostora zapo\u010deto u aprilu, jake muslimanske snage iz Srebrenice, pod komandom Nasera Ori\u0107a, 12. jula 1992. godine, upale su u vi\u0161e srpskih sela u srebreni\u010dkoj i bratuna\u010dkoj op\u0161tini ubijaju\u0107i, plja\u010d kaju\u0107i i pale\u0107i sve pred sobom.<\/p>\n<p>Napad je po\u010deo u ranim jutarnjim \u010dasovima dok su me\u0161tani proslavljali krsnu slavu Petrovdan.<\/p>\n<p>Na Zalazju je streljana i medicinska sestra Radivojka Rada Milanovi\u0107, koja je od po\u010detka rata ostala u Srebrenici da poma\u017ee svojim pacijentima.<\/p>\n<p>U napadu na Zalazje zarobljen je, mu\u010den pa okrutno ubijen i sudija Slobodan Ili\u0107. Njega je, prema svedo\u010denjima samih muslimanskih svjedoka, ubio li\u010dno Naser Ori\u0107.<\/p>\n<p>Tog dana u borbi \u201eprsa u prsa\u201c ubijeno je 69, a ranjeno mnogo vi\u0161e srpskih boraca i civila, a 22 su nestala i zarobljena.<\/p>\n<p>Posmrtni ostaci 10 nestalih Srba slu\u010dajno su prona\u0111eni i ekshumirani 10. juna 2011. godine iz masovne grobnice na Zalazju, prilikom tra\u017eenja nastradalih Bo\u0161njaka.<\/p>\n<p>Identifikovani su posle vi\u0161e od godinu dana i sahranjeni na Petrovdan 2012. godine, dok je dvoje ekshumirano, identifikovano i sahranjeno ranije.<\/p>\n<p>Deset nestalih Srba jo\u0161 nisu prona\u0111eni i njima se gubi svaki trag u logoru u biv\u0161oj srebreni\u010dkoj policijskoj stanici.<\/p>\n<p>Za ove, kao i za mnoge druge masovne zlo\u010dine po\u010dinjene nad Srbima iz Srebrenice i srednjeg Podrinja jo\u0161 niko nije odgovarao.<\/p>\n<p>Foto Despotovina<\/p>\n","protected":false},"excerpt":{"rendered":"<p>U Zalazju \u0107e sutra verskim parastosom biti obe\u017eeno 30 godina od stradanja 69 Srba na Petrovdan 1992. godine u srebreni\u010dkim selima Sase i Zalazje i &hellip; <\/p>\n","protected":false},"author":2,"featured_media":31852,"comment_status":"open","ping_status":"open","sticky":false,"template":"","format":"standard","meta":{"footnotes":""},"categories":[20,2,12],"tags":[5894,3280,965,3415,5207],"_links":{"self":[{"href":"https:\/\/centralmedia.rs\/index.php\/wp-json\/wp\/v2\/posts\/31851"}],"collection":[{"href":"https:\/\/centralmedia.rs\/index.php\/wp-json\/wp\/v2\/posts"}],"about":[{"href":"https:\/\/centralmedia.rs\/index.php\/wp-json\/wp\/v2\/types\/post"}],"author":[{"embeddable":true,"href":"https:\/\/centralmedia.rs\/index.php\/wp-json\/wp\/v2\/users\/2"}],"replies":[{"embeddable":true,"href":"https:\/\/centralmedia.rs\/index.php\/wp-json\/wp\/v2\/comments?post=31851"}],"version-history":[{"count":1,"href":"https:\/\/centralmedia.rs\/index.php\/wp-json\/wp\/v2\/posts\/31851\/revisions"}],"predecessor-version":[{"id":31859,"href":"https:\/\/centralmedia.rs\/index.php\/wp-json\/wp\/v2\/posts\/31851\/revisions\/31859"}],"wp:featuredmedia":[{"embeddable":true,"href":"https:\/\/centralmedia.rs\/index.php\/wp-json\/wp\/v2\/media\/31852"}],"wp:attachment":[{"href":"https:\/\/centralmedia.rs\/index.php\/wp-json\/wp\/v2\/media?parent=31851"}],"wp:term":[{"taxonomy":"category","embeddable":true,"href":"https:\/\/centralmedia.rs\/index.php\/wp-json\/wp\/v2\/categories?post=31851"},{"taxonomy":"post_tag","embeddable":true,"href":"https:\/\/centralmedia.rs\/index.php\/wp-json\/wp\/v2\/tags?post=31851"}],"curies":[{"name":"wp","href":"https:\/\/api.w.org\/{rel}","templated":true}]}}