{"id":31887,"date":"2022-07-13T14:32:23","date_gmt":"2022-07-13T12:32:23","guid":{"rendered":"http:\/\/centralmedia.rs\/?p=31887"},"modified":"2022-07-18T15:56:46","modified_gmt":"2022-07-18T13:56:46","slug":"pred-vise-od-10000-ljudi-koncert-grupe-neverne-bebe","status":"publish","type":"post","link":"https:\/\/centralmedia.rs\/index.php\/2022\/07\/13\/pred-vise-od-10000-ljudi-koncert-grupe-neverne-bebe\/","title":{"rendered":"PRED VI\u0160E OD 10000  LjUDI KONCERT GRUPE NEVERNE BEBE"},"content":{"rendered":"<p>JAGODINA-I ove godine u okviru Jagodinskog kulturnog leta, na centralnom gradskom trgu, svakog vikenda odr\u017eava\u0107e se pop i rok koncerti pod pokroviteljstvom grada Jagodine.<\/p>\n<div id='gallery-1' class='gallery galleryid-31887 gallery-columns-3 gallery-size-thumbnail'><figure class='gallery-item'>\n\t\t\t<div class='gallery-icon landscape'>\n\t\t\t\t<a href='https:\/\/centralmedia.rs\/index.php\/2022\/07\/13\/pred-vise-od-10000-ljudi-koncert-grupe-neverne-bebe\/neverene-bebe2\/'><img loading=\"lazy\" decoding=\"async\" width=\"150\" height=\"150\" src=\"https:\/\/centralmedia.rs\/wp-content\/uploads\/2022\/07\/neverene-bebe2-150x150.jpg\" class=\"attachment-thumbnail size-thumbnail\" alt=\"\" \/><\/a>\n\t\t\t<\/div><\/figure><figure class='gallery-item'>\n\t\t\t<div class='gallery-icon landscape'>\n\t\t\t\t<a href='https:\/\/centralmedia.rs\/index.php\/2022\/07\/13\/pred-vise-od-10000-ljudi-koncert-grupe-neverne-bebe\/neverene-bebe3\/'><img loading=\"lazy\" decoding=\"async\" width=\"150\" height=\"150\" src=\"https:\/\/centralmedia.rs\/wp-content\/uploads\/2022\/07\/neverene-bebe3-150x150.jpg\" class=\"attachment-thumbnail size-thumbnail\" alt=\"\" \/><\/a>\n\t\t\t<\/div><\/figure><figure class='gallery-item'>\n\t\t\t<div class='gallery-icon landscape'>\n\t\t\t\t<a href='https:\/\/centralmedia.rs\/index.php\/2022\/07\/13\/pred-vise-od-10000-ljudi-koncert-grupe-neverne-bebe\/neverne-bebe\/'><img loading=\"lazy\" decoding=\"async\" width=\"150\" height=\"150\" src=\"https:\/\/centralmedia.rs\/wp-content\/uploads\/2022\/07\/neverne-bebe-150x150.jpg\" class=\"attachment-thumbnail size-thumbnail\" alt=\"\" \/><\/a>\n\t\t\t<\/div><\/figure>\n\t\t<\/div>\n\n<p>Sino\u0107, pred vi\u0161e od 10000 ljudi, povodom slave grada Jagodina &#8211; Petrovdana, koncert je odr\u017eala rok grupa Neverne Bebe. Publika je skoro dva sata u\u017eivala u dobro poznatim numerama ovog poznatog beogradskog sastava.<\/p>\n<p>Do kraja avgusta koncerte \u0107e odr\u017eati brojni popularni rok sastavi u \u010dijim nastupima \u0107e mo\u0107i da u\u017eiva ne samo jagodinska publika, ve\u0107 i brojni turisti koji pose\u0107uju Jagodinu.<\/p>\n<p>U okviru iste manifestacije, Jagodinsko kulturno leto, u izleti\u0161tu Potok odr\u017eava\u0107e se koncerti zabavne i narodne muzike kao i pozori\u0161ne predstave za decu i odrasle. Nedeljom \u0107e se organizovati velike narodne igranke na kojima \u0107e svirati najbolji narodni orkestri i pevati brojne estradne zvezde. Ulaz je tako\u0111e slobodan i sve je pod pokroviteljstvom Skup\u0161tine grada Jagodine.<\/p>\n<p>Jagodina \u0107e i ovog leta u pravom smislu te re\u010di biti centar turisti\u010dkih i kulturnih de\u0161avanja u Srbiji.<\/p>\n","protected":false},"excerpt":{"rendered":"<p>JAGODINA-I ove godine u okviru Jagodinskog kulturnog leta, na centralnom gradskom trgu, svakog vikenda odr\u017eava\u0107e se pop i rok koncerti pod pokroviteljstvom grada Jagodine. Sino\u0107, &hellip; <\/p>\n","protected":false},"author":2,"featured_media":31888,"comment_status":"open","ping_status":"open","sticky":false,"template":"","format":"standard","meta":{"footnotes":""},"categories":[1524,2,5643,1514,23,887,3055],"tags":[58,3327,965],"_links":{"self":[{"href":"https:\/\/centralmedia.rs\/index.php\/wp-json\/wp\/v2\/posts\/31887"}],"collection":[{"href":"https:\/\/centralmedia.rs\/index.php\/wp-json\/wp\/v2\/posts"}],"about":[{"href":"https:\/\/centralmedia.rs\/index.php\/wp-json\/wp\/v2\/types\/post"}],"author":[{"embeddable":true,"href":"https:\/\/centralmedia.rs\/index.php\/wp-json\/wp\/v2\/users\/2"}],"replies":[{"embeddable":true,"href":"https:\/\/centralmedia.rs\/index.php\/wp-json\/wp\/v2\/comments?post=31887"}],"version-history":[{"count":1,"href":"https:\/\/centralmedia.rs\/index.php\/wp-json\/wp\/v2\/posts\/31887\/revisions"}],"predecessor-version":[{"id":31892,"href":"https:\/\/centralmedia.rs\/index.php\/wp-json\/wp\/v2\/posts\/31887\/revisions\/31892"}],"wp:featuredmedia":[{"embeddable":true,"href":"https:\/\/centralmedia.rs\/index.php\/wp-json\/wp\/v2\/media\/31888"}],"wp:attachment":[{"href":"https:\/\/centralmedia.rs\/index.php\/wp-json\/wp\/v2\/media?parent=31887"}],"wp:term":[{"taxonomy":"category","embeddable":true,"href":"https:\/\/centralmedia.rs\/index.php\/wp-json\/wp\/v2\/categories?post=31887"},{"taxonomy":"post_tag","embeddable":true,"href":"https:\/\/centralmedia.rs\/index.php\/wp-json\/wp\/v2\/tags?post=31887"}],"curies":[{"name":"wp","href":"https:\/\/api.w.org\/{rel}","templated":true}]}}