{"id":31893,"date":"2022-07-13T14:34:37","date_gmt":"2022-07-13T12:34:37","guid":{"rendered":"http:\/\/centralmedia.rs\/?p=31893"},"modified":"2022-07-18T15:57:24","modified_gmt":"2022-07-18T13:57:24","slug":"svileni-talenti-2022","status":"publish","type":"post","link":"https:\/\/centralmedia.rs\/index.php\/2022\/07\/13\/svileni-talenti-2022\/","title":{"rendered":"SVILENI TALENTI 2022."},"content":{"rendered":"<p>SVILAJNAC-Sino\u0107 je na Trgu Stevana Sin\u0111eli\u0107a organizovan sjajan program u kom su u\u010destvovali talentovani i svestrani Svijaln\u010dani. Bogat program \u010dinili su: Hor &#8220;Svilenglas&#8221; u\u010denici muzi\u010dke \u0161kole &#8220;Bo\u017eidar Trudi\u0107&#8221;, GK &#8220;Evita&#8221;, plesna \u0161kola &#8220;Advance&#8221;, bend &#8220;Quatro&#8221; i solisti Stojanka Pe\u0161i\u0107 i Aleksandra Miladinovi\u0107.<\/p>\n<div id='gallery-1' class='gallery galleryid-31893 gallery-columns-4 gallery-size-thumbnail'><figure class='gallery-item'>\n\t\t\t<div class='gallery-icon portrait'>\n\t\t\t\t<a href='https:\/\/centralmedia.rs\/index.php\/2022\/07\/13\/svileni-talenti-2022\/talenti1-2\/'><img loading=\"lazy\" decoding=\"async\" width=\"150\" height=\"150\" src=\"https:\/\/centralmedia.rs\/wp-content\/uploads\/2022\/07\/talenti1-150x150.jpg\" class=\"attachment-thumbnail size-thumbnail\" alt=\"\" \/><\/a>\n\t\t\t<\/div><\/figure><figure class='gallery-item'>\n\t\t\t<div class='gallery-icon landscape'>\n\t\t\t\t<a href='https:\/\/centralmedia.rs\/index.php\/2022\/07\/13\/svileni-talenti-2022\/talenti2-2\/'><img loading=\"lazy\" decoding=\"async\" width=\"150\" height=\"150\" src=\"https:\/\/centralmedia.rs\/wp-content\/uploads\/2022\/07\/talenti2-150x150.jpg\" class=\"attachment-thumbnail size-thumbnail\" alt=\"\" \/><\/a>\n\t\t\t<\/div><\/figure><figure class='gallery-item'>\n\t\t\t<div class='gallery-icon portrait'>\n\t\t\t\t<a href='https:\/\/centralmedia.rs\/index.php\/2022\/07\/13\/svileni-talenti-2022\/talenti3\/'><img loading=\"lazy\" decoding=\"async\" width=\"150\" height=\"150\" src=\"https:\/\/centralmedia.rs\/wp-content\/uploads\/2022\/07\/talenti3-150x150.jpg\" class=\"attachment-thumbnail size-thumbnail\" alt=\"\" \/><\/a>\n\t\t\t<\/div><\/figure><figure class='gallery-item'>\n\t\t\t<div class='gallery-icon landscape'>\n\t\t\t\t<a href='https:\/\/centralmedia.rs\/index.php\/2022\/07\/13\/svileni-talenti-2022\/talenti4\/'><img loading=\"lazy\" decoding=\"async\" width=\"150\" height=\"150\" src=\"https:\/\/centralmedia.rs\/wp-content\/uploads\/2022\/07\/talenti4-150x150.jpg\" class=\"attachment-thumbnail size-thumbnail\" alt=\"\" \/><\/a>\n\t\t\t<\/div><\/figure>\n\t\t<\/div>\n\n","protected":false},"excerpt":{"rendered":"<p>SVILAJNAC-Sino\u0107 je na Trgu Stevana Sin\u0111eli\u0107a organizovan sjajan program u kom su u\u010destvovali talentovani i svestrani Svijaln\u010dani. Bogat program \u010dinili su: Hor &#8220;Svilenglas&#8221; u\u010denici muzi\u010dke &hellip; <\/p>\n","protected":false},"author":2,"featured_media":31894,"comment_status":"open","ping_status":"open","sticky":false,"template":"","format":"standard","meta":{"footnotes":""},"categories":[1524,2,23,887,5785,1517,30],"tags":[38,69],"_links":{"self":[{"href":"https:\/\/centralmedia.rs\/index.php\/wp-json\/wp\/v2\/posts\/31893"}],"collection":[{"href":"https:\/\/centralmedia.rs\/index.php\/wp-json\/wp\/v2\/posts"}],"about":[{"href":"https:\/\/centralmedia.rs\/index.php\/wp-json\/wp\/v2\/types\/post"}],"author":[{"embeddable":true,"href":"https:\/\/centralmedia.rs\/index.php\/wp-json\/wp\/v2\/users\/2"}],"replies":[{"embeddable":true,"href":"https:\/\/centralmedia.rs\/index.php\/wp-json\/wp\/v2\/comments?post=31893"}],"version-history":[{"count":1,"href":"https:\/\/centralmedia.rs\/index.php\/wp-json\/wp\/v2\/posts\/31893\/revisions"}],"predecessor-version":[{"id":31899,"href":"https:\/\/centralmedia.rs\/index.php\/wp-json\/wp\/v2\/posts\/31893\/revisions\/31899"}],"wp:featuredmedia":[{"embeddable":true,"href":"https:\/\/centralmedia.rs\/index.php\/wp-json\/wp\/v2\/media\/31894"}],"wp:attachment":[{"href":"https:\/\/centralmedia.rs\/index.php\/wp-json\/wp\/v2\/media?parent=31893"}],"wp:term":[{"taxonomy":"category","embeddable":true,"href":"https:\/\/centralmedia.rs\/index.php\/wp-json\/wp\/v2\/categories?post=31893"},{"taxonomy":"post_tag","embeddable":true,"href":"https:\/\/centralmedia.rs\/index.php\/wp-json\/wp\/v2\/tags?post=31893"}],"curies":[{"name":"wp","href":"https:\/\/api.w.org\/{rel}","templated":true}]}}